{"id":38928,"date":"2019-06-06T05:39:27","date_gmt":"2019-06-06T09:39:27","guid":{"rendered":"https:\/\/linitiative.ca\/International\/aid-el-fitr-le-programme-de-permanence-observe-a-100-a-alger\/"},"modified":"2019-06-06T05:39:27","modified_gmt":"2019-06-06T09:39:27","slug":"aid-el-fitr-le-programme-de-permanence-observe-a-100-a-alger","status":"publish","type":"post","link":"https:\/\/linitiative.ca\/International\/aid-el-fitr-le-programme-de-permanence-observe-a-100-a-alger\/","title":{"rendered":"A\u00efd El-Fitr: le programme de permanence observ\u00e9 \u00e0 100% \u00e0 Alger"},"content":{"rendered":"<div>\n<div class=\"K2FeedImage\"><img decoding=\"async\" src=\"http:\/\/www.aps.dz\/media\/k2\/items\/cache\/ec2b6f24cf3c85bf611392893e4c6452_S.jpg\" alt=\"A\u00efd El-Fitr: le programme de permanence observ\u00e9 \u00e0 100% \u00e0 Alger\"><\/div>\n<div class=\"K2FeedIntroText\">\n<p><strong>ALGER &#8211; Le programme de permanence des commer\u00e7ants r\u00e9quisitionn\u00e9s pour les deux jours d&rsquo;A\u00efd El-Fitr a connu un taux de suivi de 100%\u00a0 \u00e0 travers l&rsquo;ensemble du territoire de la wilaya d&rsquo;Alger, a indiqu\u00e9 un responsable de la direction locale du commerce.<\/strong><\/p>\n<\/div>\n<div class=\"K2FeedFullText\">\n<p>Dans une d\u00e9claration \u00e0 l&rsquo;APS, le charg\u00e9 de l&rsquo;information \u00e0 la Direction du Commerce d&rsquo;Alger, Dahar Layachi a pr\u00e9cis\u00e9 que sur les 7.666 commer\u00e7ants activant \u00e0 Alger, les 4.105 concern\u00e9s par la permanence lors des deux jours d&rsquo;A\u00efd El-Fitr ont adh\u00e9r\u00e9 \u00e0 100% \u00e0 ce programme trac\u00e9 par le minist\u00e8re de tutelle \u00e0 l&rsquo;occasion de cette f\u00eate religieuse.<\/p>\n<p>Rappelant la mobilisation de 99 brigades compos\u00e9es de 198 agents charg\u00e9s de contr\u00f4ler le taux de conformit\u00e9 des commer\u00e7ants r\u00e9quisitionn\u00e9s les jours d&rsquo;A\u00efd El-Fitr, M. Dehar a indiqu\u00e9 que les \u00e9quipes sur le terrain avaient constat\u00e9 un taux de suivi de 100% du programme de permanence, lequel programme couvre plusieurs activit\u00e9s commerciales \u00e0 l&rsquo;instar des boulangeries, des laiteries et des minoteries.<\/p>\n<p>M. Dehar a expliqu\u00e9, \u00e0 cet \u00e9gard, ce fort taux de suivi par une prise de conscience par les commer\u00e7ants de la n\u00e9cessit\u00e9 d&rsquo;ouvrir les commerces durant les f\u00eates religieuses.<\/p>\n<p>Par secteur d&rsquo;activit\u00e9, un total de 1794 commer\u00e7ants dans l&rsquo;alimentation g\u00e9n\u00e9rale et fruits et l\u00e9gumes ont r\u00e9pondu au programme de permanence, en sus de 9 laiteries, 5 minoteries et 1.822 commer\u00e7ants dans d&rsquo;autres activit\u00e9s (restaurants, caf\u00e9t\u00e9rias&#8230;) et plusieurs stations d&rsquo;essence.<\/p>\n<hr>\n<h3>Lire aussi:\u00a0<a href=\"http:\/\/www.aps.dz\/regions\/90284-permanence-aid-100-de-suivi-dans-la-region-de-batna\" target=\"_blank\" rel=\"noopener noreferrer\">Permanence A\u00efd: 100% de suivi dans la r\u00e9gion de Batna<\/a><\/h3>\n<hr>\n<p>S&rsquo;agissant de la p\u00e9nurie de pain observ\u00e9e dans certains quartiers de la capitale (notamment au niveau des nouvelles cit\u00e9s ), le m\u00eame responsable a expliqu\u00e9 ce ph\u00e9nom\u00e8ne par la fermeture de plusieurs boulangerie \u00e0 Alger qui en comptait plus de 1300 avant que ce nombre ne r\u00e9duise pour arriver qu&rsquo;\u00e0 seulement 644 boulangeries sises dans leur majorit\u00e9 dans les anciens quartiers.<\/p>\n<p>Par ailleurs, M. Layachi a fait savoir que les services de la DC d&rsquo;Alger avait proc\u00e9d\u00e9 en coordination avec un op\u00e9rateur \u00e9conomique \u00e0 l&rsquo;ouverture de 8 points de vente de pain install\u00e9s \u00e0 travers nombre d&rsquo;espaces et places publiques \u00e0 Alger durant les deux jours de l&rsquo;Aid El Fitr, et ce dans le but de garantir un approvisionnement continue en cet aliment \u00e0 large consommation.<\/p>\n<p>Les points de vente ont \u00e9t\u00e9 install\u00e9s au niveau des places publiques des communes de Bir Touta, Reghaia, El Harrach, Dar El Beida, la Grande poste, 1er mai (si\u00e8ge de l&rsquo;UGTA) et Bab El Oued (Trois Horloges).<\/p>\n<p>Les services de la Direction du commerce ont rappel\u00e9 aux commer\u00e7ants concern\u00e9s par la permanence, les sanctions pr\u00e9vues par la loi \u00e0 l&rsquo;encontre des r\u00e9calcitrants dont la fermeture des locaux commerciaux pour une dur\u00e9e d&rsquo;un (1) mois assortie d&rsquo;une amende allant de 30.000 \u00e0 200.000 DA, a ajout\u00e9 la m\u00eame source.<\/p>\n<p>Pour rappel, le minist\u00e8re du Commerce un mobilis\u00e9 un total de 60.362 commer\u00e7ants, au niveau national, pour assurer la permanence de l&rsquo;A\u00efd El Fitr.<\/p>\n<\/div>\n<\/div>\n<p>Auteur:<br \/>\n<a href=\"http:\/\/www.aps.dz\/regions\/90290-aid-el-fitr-le-programme-de-permanence-observe-a-100-a-alger\">Cliquez ici pour lire l&rsquo;article depuis sa source.<\/a><\/p>\n","protected":false},"excerpt":{"rendered":"<p>ALGER &#8211; Le programme de permanence des commer\u00e7ants r\u00e9quisitionn\u00e9s pour les deux jours d&rsquo;A\u00efd El-Fitr a connu un taux de suivi de 100%\u00a0 \u00e0 travers l&rsquo;ensemble du territoire de la wilaya d&rsquo;Alger, a indiqu\u00e9 un responsable de la direction locale du commerce. Dans une d\u00e9claration \u00e0 l&rsquo;APS, le charg\u00e9 de l&rsquo;information \u00e0 la Direction du [&hellip;]<\/p>\n","protected":false},"author":1790,"featured_media":38930,"comment_status":"closed","ping_status":"closed","sticky":false,"template":"","format":"standard","meta":{"fifu_image_url":"","fifu_image_alt":"","footnotes":""},"categories":[53,76],"tags":[],"class_list":["post-38928","post","type-post","status-publish","format-standard","has-post-thumbnail","hentry","category-algerie","category-regions"],"_links":{"self":[{"href":"https:\/\/linitiative.ca\/International\/wp-json\/wp\/v2\/posts\/38928","targetHints":{"allow":["GET"]}}],"collection":[{"href":"https:\/\/linitiative.ca\/International\/wp-json\/wp\/v2\/posts"}],"about":[{"href":"https:\/\/linitiative.ca\/International\/wp-json\/wp\/v2\/types\/post"}],"author":[{"embeddable":true,"href":"https:\/\/linitiative.ca\/International\/wp-json\/wp\/v2\/users\/1790"}],"replies":[{"embeddable":true,"href":"https:\/\/linitiative.ca\/International\/wp-json\/wp\/v2\/comments?post=38928"}],"version-history":[{"count":0,"href":"https:\/\/linitiative.ca\/International\/wp-json\/wp\/v2\/posts\/38928\/revisions"}],"wp:featuredmedia":[{"embeddable":true,"href":"https:\/\/linitiative.ca\/International\/wp-json\/"}],"wp:attachment":[{"href":"https:\/\/linitiative.ca\/International\/wp-json\/wp\/v2\/media?parent=38928"}],"wp:term":[{"taxonomy":"category","embeddable":true,"href":"https:\/\/linitiative.ca\/International\/wp-json\/wp\/v2\/categories?post=38928"},{"taxonomy":"post_tag","embeddable":true,"href":"https:\/\/linitiative.ca\/International\/wp-json\/wp\/v2\/tags?post=38928"}],"curies":[{"name":"wp","href":"https:\/\/api.w.org\/{rel}","templated":true}]}}