{"id":38933,"date":"2019-06-06T06:00:00","date_gmt":"2019-06-06T10:00:00","guid":{"rendered":"https:\/\/linitiative.ca\/International\/2-morts-et-8-blesses-le-jour-de-laid\/"},"modified":"2019-06-06T06:00:00","modified_gmt":"2019-06-06T10:00:00","slug":"2-morts-et-8-blesses-le-jour-de-laid","status":"publish","type":"post","link":"https:\/\/linitiative.ca\/International\/2-morts-et-8-blesses-le-jour-de-laid\/","title":{"rendered":"<div>2 morts et 8 bless\u00e9s le jour de l&rsquo;A\u00efd<\/div>"},"content":{"rendered":"<p>De nombreuses familles ont v\u00e9cu dans la tristesse et la douleur dans la wilaya de B\u00e9ja\u00efa durant le premier jour de l&rsquo;A\u00efd.<br \/>Le cauchemar des accidents de la circulation a encore frapp\u00e9 puisque de nombreux cas ont eu lieu lors de cette journ\u00e9e. En effet, tr\u00e8s t\u00f4t dans la matin\u00e9e de mardi, deux jeunes motocyclistes ont heurt\u00e9 les barri\u00e8res de s\u00e9curit\u00e9 du nouveau \u00e9changeur des quatre-chemins, dont l&rsquo;un d&rsquo;entre eux s\u2019est \u00e9cras\u00e9 sur la chauss\u00e9e, haute de pr\u00e8s de 6 m\u00e8tres, trouvant la mort sur le coup, tandis que son ami a \u00e9t\u00e9 \u00e9vacu\u00e9 aux urgences de l&rsquo;h\u00f4pital Khelil-Amrane, dans un \u00e9tat inqui\u00e9tant.<br \/>Selon les services de la Protection civile de la wilaya de B\u00e9ja\u00efa, trois accidents ont \u00e9t\u00e9 enregistr\u00e9s \u00e0 travers les routes de la wilaya lors cette journ\u00e9e.<br \/>L&rsquo;autre accident a eu lieu vers 13h35 au lieudit Ibarissen dans la commune de Toudja, o\u00f9 deux v\u00e9hicules l\u00e9gers, une Renault M\u00e9gane et une Clio, se sont violemment t\u00e9lescop\u00e9s, ce qui a engendr\u00e9<br \/>8 bless\u00e9s graves, tous issus d&rsquo;une m\u00eame famille. Il s&rsquo;agit d&rsquo;un homme, sa m\u00e8re, sa femme et ses 5 enfants.<br \/>Le troisi\u00e8me accident, indique la Protection civile dans un communiqu\u00e9, a eu lieu vers 15h37 de la m\u00eame journ\u00e9e, \u00e0 Cap Carbon, sur les hauteurs de la capitale des Hammadite, o\u00f9 un jeune homme a trouv\u00e9 la mort, alors qu&rsquo;un de ses amis a \u00e9t\u00e9 gri\u00e8vement bless\u00e9 apr\u00e8s une chute libre de plus de 30 m\u00e8tres dans un ravin.<br \/>Kamel Gaci<\/p>\n<p>Auteur:<br \/>\n<a href=\"https:\/\/www.lesoirdalgerie.com\/regions\/2-morts-et-8-blesses-le-jour-de-laid-24963\">Cliquez ici pour lire l&rsquo;article depuis sa source.<\/a><\/p>\n","protected":false},"excerpt":{"rendered":"<p>De nombreuses familles ont v\u00e9cu dans la tristesse et la douleur dans la wilaya de B\u00e9ja\u00efa durant le premier jour de l&rsquo;A\u00efd.Le cauchemar des accidents de la circulation a encore frapp\u00e9 puisque de nombreux cas ont eu lieu lors de cette journ\u00e9e. En effet, tr\u00e8s t\u00f4t dans la matin\u00e9e de mardi, deux jeunes motocyclistes ont [&hellip;]<\/p>\n","protected":false},"author":1741,"featured_media":0,"comment_status":"closed","ping_status":"closed","sticky":false,"template":"","format":"standard","meta":{"fifu_image_url":"","fifu_image_alt":"","footnotes":""},"categories":[73,53],"tags":[],"class_list":["post-38933","post","type-post","status-publish","format-standard","hentry","category-actualite","category-algerie"],"_links":{"self":[{"href":"https:\/\/linitiative.ca\/International\/wp-json\/wp\/v2\/posts\/38933","targetHints":{"allow":["GET"]}}],"collection":[{"href":"https:\/\/linitiative.ca\/International\/wp-json\/wp\/v2\/posts"}],"about":[{"href":"https:\/\/linitiative.ca\/International\/wp-json\/wp\/v2\/types\/post"}],"author":[{"embeddable":true,"href":"https:\/\/linitiative.ca\/International\/wp-json\/wp\/v2\/users\/1741"}],"replies":[{"embeddable":true,"href":"https:\/\/linitiative.ca\/International\/wp-json\/wp\/v2\/comments?post=38933"}],"version-history":[{"count":0,"href":"https:\/\/linitiative.ca\/International\/wp-json\/wp\/v2\/posts\/38933\/revisions"}],"wp:attachment":[{"href":"https:\/\/linitiative.ca\/International\/wp-json\/wp\/v2\/media?parent=38933"}],"wp:term":[{"taxonomy":"category","embeddable":true,"href":"https:\/\/linitiative.ca\/International\/wp-json\/wp\/v2\/categories?post=38933"},{"taxonomy":"post_tag","embeddable":true,"href":"https:\/\/linitiative.ca\/International\/wp-json\/wp\/v2\/tags?post=38933"}],"curies":[{"name":"wp","href":"https:\/\/api.w.org\/{rel}","templated":true}]}}