{"id":38934,"date":"2019-06-06T07:49:36","date_gmt":"2019-06-06T11:49:36","guid":{"rendered":"https:\/\/linitiative.ca\/International\/ligue-1-2-crb-soumana-reve-de-disputer-la-finale\/"},"modified":"2019-06-06T07:49:36","modified_gmt":"2019-06-06T11:49:36","slug":"ligue-1-2-crb-soumana-reve-de-disputer-la-finale","status":"publish","type":"post","link":"https:\/\/linitiative.ca\/International\/ligue-1-2-crb-soumana-reve-de-disputer-la-finale\/","title":{"rendered":"Ligue 1 &#038; 2 : CRB: Soumana r\u00eave de disputer la finale"},"content":{"rendered":"<div readability=\"32\">\n<p>Auteur : <span>Islam Tazibt<\/span> <span class=\"time\">jeudi 06 juin 2019 09:25<\/span><\/p>\n<\/div>\n<div id=\"post_core\" readability=\"97\">\n<p>Il est des rencontres sp\u00e9ciales qu\u2019on ne veut rater pour rien au monde. Des rencontres qui peuvent marquer une carri\u00e8re, la vie d\u2019un joueur, d\u2019un club\u2026 et la finale de la Coupe d\u2019Alg\u00e9rie du 8 juin prochain qui opposera le Chabab de Belouizdad \u00e0 la JSM B\u00e9ja\u00efa en est une. La majorit\u00e9 des joueurs qui seront sur le terrain joueront pour la premi\u00e8re fois durant leur carri\u00e8re une finale de Coupe d\u2019Alg\u00e9rie, tels que Bechou, Sayoud, Selmi ou encore Soumana. Si les trois premiers sont assur\u00e9s de jouer cette finale, sauf grande surprise, l\u2019international nig\u00e9rien, lui, ne sait toujours pas s\u2019il pourra tenir sa place ou pas. N\u00e9anmoins, il fait tout son possible pour \u00eatre pr\u00eat. \u00c0 l\u2019entra\u00eenement, il travaille comme un forcen\u00e9. Il se donne \u00e0 fond et sa progression est juste fulgurante. En effet, de retour parmi le groupe dimanche soir, Soumana a pu inscrire un but lors d\u2019un match d\u2019application au menu de cette s\u00e9ance d\u2019entra\u00eenement.<\/p>\n<p><strong>De bonnes sensations mais encore quelques douleurs<\/strong><br \/>Mais au-del\u00e0 du but, c\u2019est surtout le comportement de Soumana Hainikoye sur le terrain qui est encourageant. En effet, le jeune international nig\u00e9rien du Chabab de Belouizdad s\u2019est montr\u00e9 tr\u00e8s \u00e0 l\u2019aise dans ses d\u00e9placements et dans ses prises d\u2019appui. C\u2019est d\u2019ailleurs dans ce registre que portaient les craintes des membres du staff technique ainsi que ceux du staff m\u00e9dical. D\u2019autant plus que quelques jours auparavant, Soumana s\u2019\u00e9tait plaint de douleurs au niveau du m\u00eame genou suite \u00e0 quelques tentatives de tir lors d\u2019une r\u00e9cente s\u00e9ance d\u2019entra\u00eenement. Tout le monde \u00e9tait donc attentif au comportement de Soumana qui a, pour le moins qu\u2019on puisse dire, rassur\u00e9 plus d\u2019un. Cependant, quelques petites douleurs persistent encore. Et m\u00eame si elles ne l\u2019emp\u00eacheraient probablement pas de disputer la finale, elles attestent tout de m\u00eame la pr\u00e9sence d\u2019un probl\u00e8me au niveau du genou.<\/p>\n<p><strong>D\u00e9cision finale la veille du match<\/strong><br \/>Soumana Hainikoye a donc envoy\u00e9 des signes encourageants pour les membres du staff technique. N\u00e9anmoins, rien n\u2019a encore \u00e9t\u00e9 d\u00e9cid\u00e9 concernant sa participation samedi prochain face \u00e0 la JSM B\u00e9ja\u00efa en finale de la Coupe d\u2019Alg\u00e9rie. Amrani veut encore se donner le temps de voir son poulain et de l\u2019analyser de plus pr\u00eat. Il lui reste encore quelques jours pour le faire. Et m\u00eame s\u2019il a exprim\u00e9 sa joie de voir Soumana retrouver une partie de ses sensations, le technicien belouizdadi ne veut aucunement prendre de risque avec son joueur, ni m\u00eame avec son \u00e9quipe puisqu\u2019il s\u2019agit d\u2019une finale de Coupe d\u2019Alg\u00e9rie et non d\u2019une rencontre anodine. Ainsi, Soumana devra m\u00e9riter sa place. S\u2019il est pr\u00eat physiquement, Amrani n\u2019h\u00e9sitera pas une seconde \u00e0 le retenir. \u00c0 d\u00e9faut, il regardera la finale \u00e0 partir de la tribune officielle tout en esp\u00e9rant soulever le troph\u00e9e au bout des 90 minutes.<\/p>\n<p><strong>\u00a0\u00abJe fais tout mon possible pour \u00eatre pr\u00eat\u00bb<\/strong><br \/>Approch\u00e9 au terme de la s\u00e9ance d\u2019entra\u00eenement de dimanche soir, Soumana Hainikoye s\u2019est exprim\u00e9 sur son retour parmi le groupe. \u00abJe suis tr\u00e8s heureux de retrouver l\u2019ambiance des entra\u00eenements avec le groupe, a-t-il d\u00e9clar\u00e9. Pour l\u2019heure, tout se passe bien m\u00eame si je ressens encore quelques petites douleurs au niveau du genou. Mais bon, ce n\u2019est pas au niveau de la blessure initiale et les membres du staff technique m\u2019ont rassur\u00e9 \u00e0 ce propos. J\u2019ai pu jouer quelques minutes et j\u2019ai m\u00eame inscrit un but. Donc, je reste optimiste en vue de la finale.\u00bb<\/p>\n<p><strong>Amrani : \u00abJe suis content pour\u00a0 lui\u00bb<\/strong><br \/>De son c\u00f4t\u00e9, le premier responsable de la barre technique n\u2019a pas cach\u00e9 sa joie quant au retour de Soumana parmi le groupe : \u00abJe ne vous cache pas que je suis heureux et content pour Soumana. C\u2019est un joueur tr\u00e8s s\u00e9rieux qui se donne toujours \u00e0 fond \u00e0 l\u2019entra\u00eenement. Ce soir (dimanche soir, ndlr) il a r\u00e9int\u00e9gr\u00e9 le groupe et il a m\u00eame pu inscrire un but. C\u2019est bon signe. Cependant, c\u2019est encore tr\u00e8s t\u00f4t pour se prononcer quant \u00e0 sa participation ou non lors de la finale. On va donc attendre quelques jours et voir comment il \u00e9volue. Une d\u00e9cision finale sera prise la veille du match.\u00bb<\/p>\n<p><strong>Amrouche : \u00abSoumana ? On tranchera<br \/>la veille du match\u00bb<\/strong><br \/>M\u00eame son de cloche chez Lotfi Amrouche, l\u2019adjoint d\u2019Abdelkader Amrani qui nous a confi\u00e9 : \u00abSoumana revient d\u2019une blessure mais il a tr\u00e8s bien travaill\u00e9 ces derniers jours. C\u2019est un gars s\u00e9rieux qui se donne toujours \u00e0 fond. Son retour parmi le groupe nous rassure beaucoup car Soumana fait partie de nos meilleurs atouts en attaque. N\u00e9anmoins, rien n\u2019a encore \u00e9t\u00e9 d\u00e9cid\u00e9 concernant sa participation. On ne va pas se pr\u00e9cipiter pour prendre notre d\u00e9cision. Cela devrait se faire lors des deux derniers jours pr\u00e9c\u00e9dant la finale. D\u2019ici l\u00e0, on reste attentifs \u00e0 sa progression.\u00bb<\/p>\n<\/div>\n<p>Auteur:<br \/>\n<a href=\"http:\/\/www.lebuteur.com\/article\/detail?titre=crb-soumana-reve-de-disputer-la-finale&#038;id=89321&#038;utm_source=feedburner&#038;utm_medium=feed&#038;utm_campaign=Feed%3A+GalerieFArtciles+%28Les+derniers+articles++-+lebuteur.com%29\">Cliquez ici pour lire l&rsquo;article depuis sa source.<\/a><\/p>\n","protected":false},"excerpt":{"rendered":"<p>Auteur : Islam Tazibt jeudi 06 juin 2019 09:25 Il est des rencontres sp\u00e9ciales qu\u2019on ne veut rater pour rien au monde. Des rencontres qui peuvent marquer une carri\u00e8re, la vie d\u2019un joueur, d\u2019un club\u2026 et la finale de la Coupe d\u2019Alg\u00e9rie du 8 juin prochain qui opposera le Chabab de Belouizdad \u00e0 la JSM [&hellip;]<\/p>\n","protected":false},"author":1738,"featured_media":38935,"comment_status":"closed","ping_status":"closed","sticky":false,"template":"","format":"standard","meta":{"fifu_image_url":"","fifu_image_alt":"","footnotes":""},"categories":[53,75],"tags":[],"class_list":["post-38934","post","type-post","status-publish","format-standard","has-post-thumbnail","hentry","category-algerie","category-sport"],"_links":{"self":[{"href":"https:\/\/linitiative.ca\/International\/wp-json\/wp\/v2\/posts\/38934","targetHints":{"allow":["GET"]}}],"collection":[{"href":"https:\/\/linitiative.ca\/International\/wp-json\/wp\/v2\/posts"}],"about":[{"href":"https:\/\/linitiative.ca\/International\/wp-json\/wp\/v2\/types\/post"}],"author":[{"embeddable":true,"href":"https:\/\/linitiative.ca\/International\/wp-json\/wp\/v2\/users\/1738"}],"replies":[{"embeddable":true,"href":"https:\/\/linitiative.ca\/International\/wp-json\/wp\/v2\/comments?post=38934"}],"version-history":[{"count":0,"href":"https:\/\/linitiative.ca\/International\/wp-json\/wp\/v2\/posts\/38934\/revisions"}],"wp:featuredmedia":[{"embeddable":true,"href":"https:\/\/linitiative.ca\/International\/wp-json\/"}],"wp:attachment":[{"href":"https:\/\/linitiative.ca\/International\/wp-json\/wp\/v2\/media?parent=38934"}],"wp:term":[{"taxonomy":"category","embeddable":true,"href":"https:\/\/linitiative.ca\/International\/wp-json\/wp\/v2\/categories?post=38934"},{"taxonomy":"post_tag","embeddable":true,"href":"https:\/\/linitiative.ca\/International\/wp-json\/wp\/v2\/tags?post=38934"}],"curies":[{"name":"wp","href":"https:\/\/api.w.org\/{rel}","templated":true}]}}