{"id":38936,"date":"2019-06-06T07:49:38","date_gmt":"2019-06-06T11:49:38","guid":{"rendered":"https:\/\/linitiative.ca\/International\/ligue-1-2-mca-allati-et-dahlal-premieres-recrues\/"},"modified":"2019-06-06T07:49:38","modified_gmt":"2019-06-06T11:49:38","slug":"ligue-1-2-mca-allati-et-dahlal-premieres-recrues","status":"publish","type":"post","link":"https:\/\/linitiative.ca\/International\/ligue-1-2-mca-allati-et-dahlal-premieres-recrues\/","title":{"rendered":"Ligue 1 &#038; 2 : MCA: Allati et Dahlal, premi\u00e8res recrues"},"content":{"rendered":"<div readability=\"32\">\n<p>Auteur : <span>K. M.<\/span> <span class=\"time\">jeudi 06 juin 2019 09:25<\/span><\/p>\n<\/div>\n<div id=\"post_core\" readability=\"73\">\n<p>C\u2019est officiel, les Vert et Rouge du MC Alger viennent d\u2019entamer leurs emplettes, en enregistrant leurs deux premi\u00e8res recrues. Il s\u2019agit du lat\u00e9ral droit des Sang et Or Walid Allati ainsi que d\u2019un jeune buteur qui r\u00e9pond au nom de Dahlal qui \u00e9voluait \u00e0 la JS Kabylie. Ainsi, en pr\u00e9sence du directeur sportif du Doyen, Omar Ghrib, ainsi que du pr\u00e9sident du conseil d\u2019administration, Mohamed Hir\u00e8che. L\u2019ancien Nahdiste, qui est pass\u00e9 \u00e0 la signature de son contrat en pr\u00e9sence de journalistes et de ses amis, portera le num\u00e9ro 20, celui avec lequel il \u00e9voluait \u00e0 l\u2019US Biskra puis au NAHD.<\/p>\n<p><strong>Dahlal signe pour 4 ans<\/strong><br \/>Le deuxi\u00e8me joueur qui a appos\u00e9 sa signature est le jeune attaquant de la JSK r\u00e9pondant au nom de Dahlal dont on dit beaucoup de bien. Ce dernier a sign\u00e9 un contrat de 4 ans au vu de son jeune \u00e2ge et de sa marge de progression nous dit-on. A noter que ce jeune joueur a b\u00e9n\u00e9fici\u00e9 d\u2019une licence seniors.<\/p>\n<p><strong>Allati : \u00abJ\u2019ai choisi le MCA pour donner une autre dimension \u00e0 ma carri\u00e8re\u00bb<\/strong><\/p>\n<p>Walid Allati vient de confirmer de s\u2019\u00eatre engag\u00e9 avec le MCA. L\u2019ancien joueur du NAHD parle de son choix et de ses motivations, au moment o\u00f9 il avait plusieurs contacts. Le joueur explique son histoire avec le num\u00e9ro 20.<br \/><strong>D\u2019abord, f\u00e9licitations ?<\/strong><br \/>Merci, \u00e0 vous !<br \/><strong>Pourquoi avoir choisi le MCA, alors que vous aviez d\u2019autres contacts ?<\/strong><br \/>C\u2018est simple, j\u2019ai choisi le Mouloudia car je veux vivre d\u2019autres sensations, j\u2019\u00e9tais dans un grand club et aujourd\u2019hui je suis dans le club le plus populaire du pays. Je veux donner une autre dimension \u00e0 ma jeune carri\u00e8re.<br \/><strong>Qu\u2019est-ce qui a motiv\u00e9 votre choix ?<\/strong><br \/>Non seulement c\u2019est le club le plus populaire du pays, en plus il donne une autre dimension \u00e0 la carri\u00e8re d\u2019un joueur de football. Quel est le joueur qui ne veut pas jouer au MCA ?<br \/><strong>Pourtant il y a un certain Hachoud qui joue \u00e0 votre poste\u2026<\/strong><br \/>Pourquoi h\u00e9siter ? Je suis convaincu de mon choix je veux aussi progresser dans ma carri\u00e8re. En plus, c\u2019est bon d\u2019avoir des joueurs de qualit\u00e9 autour de vous, car cela vous donne envie de travailler encore tr\u00e8s dur.<br \/><strong>La concurrence sera rude\u2026<\/strong><br \/>C\u2019est tr\u00e8s bon pour une \u00e9quipe de football, je vais en profiter car Hachoud a de l\u2019exp\u00e9rience.<br \/><strong>En tout cas, on attend beaucoup de vous ?<\/strong><br \/>Inch\u2019Allah, je serai \u00e0 la hauteur des attentes et des aspirations. Je dois travailler tr\u00e8s dur pour r\u00e9pondre pr\u00e9sent.<br \/><strong>Vous avez choisi le num\u00e9ro 20, pourquoi ?<\/strong><br \/>Je l\u2019avais \u00e0 Biskra, puis au NAHD et aujourd\u2019hui au MCA, voil\u00e0 tout !<br \/>\u00a0<\/p>\n<p><strong>Publi\u00e9 dans :<\/strong> <span>mca<\/span> <span>Allati<\/span> <span>Dahlal<\/span><\/p>\n<\/div>\n<p>Auteur:<br \/>\n<a href=\"http:\/\/www.lebuteur.com\/article\/detail?titre=mca-allati-et-dahlal-premieres-recrues&#038;id=89320&#038;utm_source=feedburner&#038;utm_medium=feed&#038;utm_campaign=Feed%3A+GalerieFArtciles+%28Les+derniers+articles++-+lebuteur.com%29\">Cliquez ici pour lire l&rsquo;article depuis sa source.<\/a><\/p>\n","protected":false},"excerpt":{"rendered":"<p>Auteur : K. M. jeudi 06 juin 2019 09:25 C\u2019est officiel, les Vert et Rouge du MC Alger viennent d\u2019entamer leurs emplettes, en enregistrant leurs deux premi\u00e8res recrues. Il s\u2019agit du lat\u00e9ral droit des Sang et Or Walid Allati ainsi que d\u2019un jeune buteur qui r\u00e9pond au nom de Dahlal qui \u00e9voluait \u00e0 la JS [&hellip;]<\/p>\n","protected":false},"author":1738,"featured_media":38938,"comment_status":"closed","ping_status":"closed","sticky":false,"template":"","format":"standard","meta":{"fifu_image_url":"","fifu_image_alt":"","footnotes":""},"categories":[53,75],"tags":[],"class_list":["post-38936","post","type-post","status-publish","format-standard","has-post-thumbnail","hentry","category-algerie","category-sport"],"_links":{"self":[{"href":"https:\/\/linitiative.ca\/International\/wp-json\/wp\/v2\/posts\/38936","targetHints":{"allow":["GET"]}}],"collection":[{"href":"https:\/\/linitiative.ca\/International\/wp-json\/wp\/v2\/posts"}],"about":[{"href":"https:\/\/linitiative.ca\/International\/wp-json\/wp\/v2\/types\/post"}],"author":[{"embeddable":true,"href":"https:\/\/linitiative.ca\/International\/wp-json\/wp\/v2\/users\/1738"}],"replies":[{"embeddable":true,"href":"https:\/\/linitiative.ca\/International\/wp-json\/wp\/v2\/comments?post=38936"}],"version-history":[{"count":0,"href":"https:\/\/linitiative.ca\/International\/wp-json\/wp\/v2\/posts\/38936\/revisions"}],"wp:featuredmedia":[{"embeddable":true,"href":"https:\/\/linitiative.ca\/International\/wp-json\/"}],"wp:attachment":[{"href":"https:\/\/linitiative.ca\/International\/wp-json\/wp\/v2\/media?parent=38936"}],"wp:term":[{"taxonomy":"category","embeddable":true,"href":"https:\/\/linitiative.ca\/International\/wp-json\/wp\/v2\/categories?post=38936"},{"taxonomy":"post_tag","embeddable":true,"href":"https:\/\/linitiative.ca\/International\/wp-json\/wp\/v2\/tags?post=38936"}],"curies":[{"name":"wp","href":"https:\/\/api.w.org\/{rel}","templated":true}]}}