{"id":38941,"date":"2019-06-06T07:49:40","date_gmt":"2019-06-06T11:49:40","guid":{"rendered":"https:\/\/linitiative.ca\/International\/ligue-1-2-usma-les-haddad-cest-bel-et-bien-fini\/"},"modified":"2019-06-06T07:49:40","modified_gmt":"2019-06-06T11:49:40","slug":"ligue-1-2-usma-les-haddad-cest-bel-et-bien-fini","status":"publish","type":"post","link":"https:\/\/linitiative.ca\/International\/ligue-1-2-usma-les-haddad-cest-bel-et-bien-fini\/","title":{"rendered":"Ligue 1 &#038; 2 : USMA: Les Haddad, c\u2019est bel et bien fini !"},"content":{"rendered":"<div readability=\"32\">\n<p>Auteur : <span>Adel Cheraki<\/span> <span class=\"time\">jeudi 06 juin 2019 09:25<\/span><\/p>\n<\/div>\n<div id=\"post_core\" readability=\"54\">\n<p>C\u2019est en 2010 que Ali Haddad est arriv\u00e9 \u00e0 l\u2019USMA. Le patron de l\u2019ETRHB a succ\u00e9d\u00e9 \u00e0 Sa\u00efd Allik \u00e0 la t\u00eate du club apr\u00e8s qu\u2019il s\u2019est impos\u00e9 comme actionnaire majoritaire de la SSPA. Durant toutes les ann\u00e9es pass\u00e9es aux commandes en compagnie de son fr\u00e8re Rebouh, les Rouge et Noir ont remport\u00e9 sept troph\u00e9es et ont disput\u00e9 une finale de Ligue des champions en 2015 ainsi qu\u2019une demi-finale en 2017. Actuellement en d\u00e9tention provisoire pour non-d\u00e9claration de devises et pr\u00e9sentation de documents de passage non conformes \u00e0 la l\u00e9gislation, celui qui esp\u00e8re vivre des jours meilleurs apr\u00e8s tout ce qu\u2019il a endur\u00e9 ces derniers temps quittera officiellement son poste et ne sera plus le responsable de l\u2019\u00e9quipe alg\u00e9roise cr\u00e9\u00e9e en 1937. L\u2019ex-pr\u00e9sident du FCE a pris sa d\u00e9cision et mettra en vente ses actions, une page va se tourner cet \u00e9t\u00e9 puisque d\u2019autres investisseurs reprendront le flambeau et tenteront de remettre le champion de la saison 2018-2019 sur les bons rails apr\u00e8s tous les probl\u00e8mes surtout d\u2019ordre financier qu\u2019il a connus depuis que les comptes bancaires ont \u00e9t\u00e9 bloqu\u00e9s. Alors que l\u2019avenir de ce club qui repr\u00e9sentera l\u2019Alg\u00e9rie lors de la prochaine \u00e9dition de la C1 s\u2019annonce flou et c\u2019est ce qui inqui\u00e8te les supporters, voil\u00e0 que cette d\u00e9cision prise par les Haddad vient de les soulager puisque d\u00e9sormais les amoureux du club savent qu\u2019un changement aura bel et bien lieu lors des semaines, voire les mois \u00e0 venir, eux qui souhaitent que ce dossier soit boucl\u00e9 le plus rapidement possible pour que d\u2019autres sujets aussi importants \u00e0 l\u2019image du recrutement d\u2019un entra\u00eeneur et de nouveaux joueurs soient ouverts. Accusant du retard par rapport \u00e0 d\u2019autres formations qui ont commenc\u00e9 d\u00e9j\u00e0 \u00e0 pr\u00e9parer le prochain exercice, les Usmistes ne perdent pas espoir de voir le retard que leur club accuse rattrap\u00e9 et bien s\u2019armer ainsi pour les \u00e9ch\u00e9ances \u00e0 venir.<\/p>\n<p><strong>Aucune offre ne leur a \u00e9t\u00e9 faite<\/strong><br \/>Ce qu\u2019il faut savoir aussi, c\u2019est que jusqu\u2019\u00e0 pr\u00e9sent aucune offre officielle n\u2019a \u00e9t\u00e9 faite aux Haddad. En effet, ces derniers sont pr\u00eats \u00e0 l\u00e2cher leurs actions et ouvrir la porte ainsi \u00e0 une autre personne pour reprendre le club. Seulement cette op\u00e9ration ne semble pas si facile \u00e0 r\u00e9aliser. En attendant qu\u2019une solution d\u00e9finitive soit trouv\u00e9e, plusieurs rumeurs ont circul\u00e9 depuis quelque temps parmi les plus r\u00e9pandues nous pouvons citer celle qui a annonc\u00e9 le retour de la Sonelgaz et de Sa\u00efd Allik. Pour rappel, ce dernier n\u2019a jamais cach\u00e9 son envie de faire un come-back chez lui et la derni\u00e8re fois qu\u2019il l\u2019a r\u00e9v\u00e9l\u00e9 c\u2019\u00e9tait lors du match entre l\u2019USMA et le CRB \u00e0 Bologhine. D\u2019autres ont \u00e9voqu\u00e9 la venue des Qataris qui chargeront Mohamed Raouraoua, l\u2019ex-pr\u00e9sident de la FAF, de g\u00e9rer leur projet. Malgr\u00e9 tout ce qui a \u00e9t\u00e9 dit et rapport\u00e9, rien n\u2019a \u00e9t\u00e9 fait et ce n\u2019est donc qu\u2019apr\u00e8s l\u2019A\u00efd que les \u00e9v\u00e9nements devront s\u2019acc\u00e9l\u00e9rer du c\u00f4t\u00e9 de Saint-Eug\u00e8ne. Affaire \u00e0 suivre\u2026<br \/>\u00a0<\/p>\n<\/div>\n<p>Auteur:<br \/>\n<a href=\"http:\/\/www.lebuteur.com\/article\/detail?titre=usma-les-haddad-cest-bel-et-bien-fini&#038;id=89318&#038;utm_source=feedburner&#038;utm_medium=feed&#038;utm_campaign=Feed%3A+GalerieFArtciles+%28Les+derniers+articles++-+lebuteur.com%29\">Cliquez ici pour lire l&rsquo;article depuis sa source.<\/a><\/p>\n","protected":false},"excerpt":{"rendered":"<p>Auteur : Adel Cheraki jeudi 06 juin 2019 09:25 C\u2019est en 2010 que Ali Haddad est arriv\u00e9 \u00e0 l\u2019USMA. Le patron de l\u2019ETRHB a succ\u00e9d\u00e9 \u00e0 Sa\u00efd Allik \u00e0 la t\u00eate du club apr\u00e8s qu\u2019il s\u2019est impos\u00e9 comme actionnaire majoritaire de la SSPA. Durant toutes les ann\u00e9es pass\u00e9es aux commandes en compagnie de son fr\u00e8re [&hellip;]<\/p>\n","protected":false},"author":1738,"featured_media":38942,"comment_status":"closed","ping_status":"closed","sticky":false,"template":"","format":"standard","meta":{"fifu_image_url":"","fifu_image_alt":"","footnotes":""},"categories":[53,75],"tags":[],"class_list":["post-38941","post","type-post","status-publish","format-standard","has-post-thumbnail","hentry","category-algerie","category-sport"],"_links":{"self":[{"href":"https:\/\/linitiative.ca\/International\/wp-json\/wp\/v2\/posts\/38941","targetHints":{"allow":["GET"]}}],"collection":[{"href":"https:\/\/linitiative.ca\/International\/wp-json\/wp\/v2\/posts"}],"about":[{"href":"https:\/\/linitiative.ca\/International\/wp-json\/wp\/v2\/types\/post"}],"author":[{"embeddable":true,"href":"https:\/\/linitiative.ca\/International\/wp-json\/wp\/v2\/users\/1738"}],"replies":[{"embeddable":true,"href":"https:\/\/linitiative.ca\/International\/wp-json\/wp\/v2\/comments?post=38941"}],"version-history":[{"count":0,"href":"https:\/\/linitiative.ca\/International\/wp-json\/wp\/v2\/posts\/38941\/revisions"}],"wp:featuredmedia":[{"embeddable":true,"href":"https:\/\/linitiative.ca\/International\/wp-json\/"}],"wp:attachment":[{"href":"https:\/\/linitiative.ca\/International\/wp-json\/wp\/v2\/media?parent=38941"}],"wp:term":[{"taxonomy":"category","embeddable":true,"href":"https:\/\/linitiative.ca\/International\/wp-json\/wp\/v2\/categories?post=38941"},{"taxonomy":"post_tag","embeddable":true,"href":"https:\/\/linitiative.ca\/International\/wp-json\/wp\/v2\/tags?post=38941"}],"curies":[{"name":"wp","href":"https:\/\/api.w.org\/{rel}","templated":true}]}}