{"id":38944,"date":"2019-06-06T07:49:42","date_gmt":"2019-06-06T11:49:42","guid":{"rendered":"https:\/\/linitiative.ca\/International\/ligue-1-2-nahd-ould-zmirli-categorique\/"},"modified":"2019-06-06T07:49:42","modified_gmt":"2019-06-06T11:49:42","slug":"ligue-1-2-nahd-ould-zmirli-categorique","status":"publish","type":"post","link":"https:\/\/linitiative.ca\/International\/ligue-1-2-nahd-ould-zmirli-categorique\/","title":{"rendered":"Ligue 1 &#038; 2 : NAHD: Ould Zmirli cat\u00e9gorique !"},"content":{"rendered":"<div readability=\"32\">\n<p>Auteur : <span>Rachid C.<\/span> <span class=\"time\">jeudi 06 juin 2019 09:26<\/span><\/p>\n<\/div>\n<div id=\"post_core\" readability=\"45\">\n<p>Premier responsable du Nasria depuis neuf ans, Bachir Ould Zmirli avait d\u00e9cid\u00e9 il y a quelques semaines de ne plus poursuivre sa mission a la t\u00eate des Sang et Or. Conscient que ce sera tr\u00e8s difficile pour eux de trouver un responsable capable de mettre de gros moyens financiers \u00e0 la disposition de leur club de c\u0153ur, certains ont approch\u00e9 derni\u00e8rement l\u2019ancien vice-pr\u00e9sident de la FAF pour essayer de le convaincre de revenir sur sa d\u00e9cision. Mais \u00e0 la surprise g\u00e9n\u00e9rale, l\u2019homme d\u2019affaires s\u2019est montr\u00e9 cat\u00e9gorique en leur signifiant qu\u2019il ne changera pas sa position et qu\u2019il ne fera pas machine arri\u00e8re.\u00a0\u00a0\u00a0 \u00a0<br \/><strong>Il estime qu\u2019il a tout donn\u00e9 pour le club<\/strong><br \/>G\u00e9n\u00e9ralement tr\u00e8s discret, Bachir Ould Zmirli a confi\u00e9 \u00e0 ses supporters qu\u2019il a tout donn\u00e9 pour ce club durant les neuf derni\u00e8res ann\u00e9es. Fatigu\u00e9 et tr\u00e8s d\u00e9\u00e7u par les critiques \u00e0 son \u00e9gard, il estime que c\u2019est le moment id\u00e9al pour lui de se retirer et laisser la place \u00e0 quelqu\u2019un d\u2019autre qui pourra prendre le relais et poursuivre le travail entam\u00e9 il y a plusieurs ann\u00e9es.<br \/>Il attend toujours qu\u2019un repreneur se pr\u00e9sente<br \/>Depuis qu\u2019il a annonc\u00e9 sa d\u00e9mission, l\u2019ancien vice-pr\u00e9sident de la FAF refuse de changer de discours. D\u2019apr\u00e8s une source cr\u00e9dible, il leur a confi\u00e9 qu\u2019il attend toujours qu\u2019un repreneur se pr\u00e9sente pour l\u2019accompagner chez le notaire et lui c\u00e9der sa part des actions. Les Husseind\u00e9ens sont donc oblig\u00e9s de s\u2019activer dans tous les sens pour trouver un successeur et entamer ainsi les pr\u00e9paratifs pour la nouvelle saison. \u00a0<br \/><strong>Il ne mettra les b\u00e2tons dans les roues \u00e0 personne<\/strong><br \/>Une fois qu\u2019il a annonc\u00e9 sa d\u00e9mission, le d\u00e9sormais ex-pr\u00e9sident du NAHD a d\u00e9clar\u00e9 qu\u2019il ne mettra les b\u00e2tons dans les roues \u00e0 personne. Il avait m\u00eame promis de r\u00e9gulariser la situation financi\u00e8re des joueurs afin que la prochaine direction puisse entamer sa mission dans les meilleures conditions possibles.<\/p>\n<p><strong>Publi\u00e9 dans :<\/strong> <span>Nahd<\/span> <span>Ould Zmirli<\/span><\/p>\n<\/div>\n<p>Auteur:<br \/>\n<a href=\"http:\/\/www.lebuteur.com\/article\/detail?titre=nahd-ould-zmirli-categorique&#038;id=89315&#038;utm_source=feedburner&#038;utm_medium=feed&#038;utm_campaign=Feed%3A+GalerieFArtciles+%28Les+derniers+articles++-+lebuteur.com%29\">Cliquez ici pour lire l&rsquo;article depuis sa source.<\/a><\/p>\n","protected":false},"excerpt":{"rendered":"<p>Auteur : Rachid C. jeudi 06 juin 2019 09:26 Premier responsable du Nasria depuis neuf ans, Bachir Ould Zmirli avait d\u00e9cid\u00e9 il y a quelques semaines de ne plus poursuivre sa mission a la t\u00eate des Sang et Or. Conscient que ce sera tr\u00e8s difficile pour eux de trouver un responsable capable de mettre de [&hellip;]<\/p>\n","protected":false},"author":1738,"featured_media":38947,"comment_status":"closed","ping_status":"closed","sticky":false,"template":"","format":"standard","meta":{"fifu_image_url":"","fifu_image_alt":"","footnotes":""},"categories":[53,75],"tags":[],"class_list":["post-38944","post","type-post","status-publish","format-standard","has-post-thumbnail","hentry","category-algerie","category-sport"],"_links":{"self":[{"href":"https:\/\/linitiative.ca\/International\/wp-json\/wp\/v2\/posts\/38944","targetHints":{"allow":["GET"]}}],"collection":[{"href":"https:\/\/linitiative.ca\/International\/wp-json\/wp\/v2\/posts"}],"about":[{"href":"https:\/\/linitiative.ca\/International\/wp-json\/wp\/v2\/types\/post"}],"author":[{"embeddable":true,"href":"https:\/\/linitiative.ca\/International\/wp-json\/wp\/v2\/users\/1738"}],"replies":[{"embeddable":true,"href":"https:\/\/linitiative.ca\/International\/wp-json\/wp\/v2\/comments?post=38944"}],"version-history":[{"count":0,"href":"https:\/\/linitiative.ca\/International\/wp-json\/wp\/v2\/posts\/38944\/revisions"}],"wp:featuredmedia":[{"embeddable":true,"href":"https:\/\/linitiative.ca\/International\/wp-json\/"}],"wp:attachment":[{"href":"https:\/\/linitiative.ca\/International\/wp-json\/wp\/v2\/media?parent=38944"}],"wp:term":[{"taxonomy":"category","embeddable":true,"href":"https:\/\/linitiative.ca\/International\/wp-json\/wp\/v2\/categories?post=38944"},{"taxonomy":"post_tag","embeddable":true,"href":"https:\/\/linitiative.ca\/International\/wp-json\/wp\/v2\/tags?post=38944"}],"curies":[{"name":"wp","href":"https:\/\/api.w.org\/{rel}","templated":true}]}}