{"id":38948,"date":"2019-06-06T07:49:44","date_gmt":"2019-06-06T11:49:44","guid":{"rendered":"https:\/\/linitiative.ca\/International\/ligue-1-2-csc-arama-sur-un-siege-ejectable\/"},"modified":"2019-06-06T07:49:44","modified_gmt":"2019-06-06T11:49:44","slug":"ligue-1-2-csc-arama-sur-un-siege-ejectable","status":"publish","type":"post","link":"https:\/\/linitiative.ca\/International\/ligue-1-2-csc-arama-sur-un-siege-ejectable\/","title":{"rendered":"Ligue 1 &#038; 2 : CSC: Arama sur un si\u00e8ge \u00e9jectable"},"content":{"rendered":"<div readability=\"32\">\n<p>Auteur : <span>M. Lamine Gherib<\/span> <span class=\"time\">jeudi 06 juin 2019 09:26<\/span><\/p>\n<\/div>\n<div id=\"post_core\" readability=\"43\">\n<p>Le manager g\u00e9n\u00e9ral du CSC Tarek Arama est convoqu\u00e9 pour la s\u00e9ance du 10 juin prochain pour comparaitre devant les membres de la commission de discipline de la LFP dans l\u2019affaire avec Mellal qui a d\u00e9fray\u00e9 la chronique ces derniers jours. Le responsable constantinois est appel\u00e9 \u00e0 se d\u00e9fendre pour les accusations du pr\u00e9sident kabyle d\u2019avoir combin\u00e9 le match face \u00e0 l\u2019USMA pour offrir le titre \u00e0 cette \u00e9quipe et en priver la JSK. L\u2019enregistrement diffus\u00e9 sur les r\u00e9seaux sociaux a donc pouss\u00e9 le ministre de la Jeunesse et des Sports \u00e0 exhorter la FAF et le LFP \u00e0 r\u00e9agir. Alors que c\u2019\u00e9tait pr\u00e9vu que cette affaire soit \u00e9tudi\u00e9e apr\u00e8s la CAN, finalement ce sera lundi prochain. Tout devra s\u2019\u00e9claircir sur l\u2019avenir de Arama avec le CSC, apr\u00e8s la sentence qui sera rendue par la commission de discipline. Les propri\u00e9taires du club constantinois attendront le verdict de la CD, pour prendre une d\u00e9cision quant \u00e0 l\u2019avenir de Tarek Arama. Donc, il n\u2019est pas \u00e0 \u00e9carter de le voir remerci\u00e9 et limog\u00e9 de son poste par les patrons de l\u2019ENTP. Arama, qui crie haut et fort qu\u2019il n\u2019a jamais combin\u00e9 face aux Usmistes et qu\u2019il n\u2019a jamais eu de discussions avec les responsables de ce club et m\u00eame avec Mellal, est sur un si\u00e8ge \u00e9jectable. Il faut attendre le verdict de la commission de discipline de la LFP Lundi prochain pour connaitre son sort avec le CSC.<\/p>\n<p><strong>Publi\u00e9 dans :<\/strong> <span>csc<\/span> <span>lfp<\/span> <span>Mellal<\/span> <span>arama<\/span><\/p>\n<\/div>\n<p>Auteur:<br \/>\n<a href=\"http:\/\/www.lebuteur.com\/article\/detail?titre=csc-arama-sur-un-siege-ejectable&#038;id=89314&#038;utm_source=feedburner&#038;utm_medium=feed&#038;utm_campaign=Feed%3A+GalerieFArtciles+%28Les+derniers+articles++-+lebuteur.com%29\">Cliquez ici pour lire l&rsquo;article depuis sa source.<\/a><\/p>\n","protected":false},"excerpt":{"rendered":"<p>Auteur : M. Lamine Gherib jeudi 06 juin 2019 09:26 Le manager g\u00e9n\u00e9ral du CSC Tarek Arama est convoqu\u00e9 pour la s\u00e9ance du 10 juin prochain pour comparaitre devant les membres de la commission de discipline de la LFP dans l\u2019affaire avec Mellal qui a d\u00e9fray\u00e9 la chronique ces derniers jours. Le responsable constantinois est [&hellip;]<\/p>\n","protected":false},"author":1738,"featured_media":38951,"comment_status":"closed","ping_status":"closed","sticky":false,"template":"","format":"standard","meta":{"fifu_image_url":"","fifu_image_alt":"","footnotes":""},"categories":[53,75],"tags":[],"class_list":["post-38948","post","type-post","status-publish","format-standard","has-post-thumbnail","hentry","category-algerie","category-sport"],"_links":{"self":[{"href":"https:\/\/linitiative.ca\/International\/wp-json\/wp\/v2\/posts\/38948","targetHints":{"allow":["GET"]}}],"collection":[{"href":"https:\/\/linitiative.ca\/International\/wp-json\/wp\/v2\/posts"}],"about":[{"href":"https:\/\/linitiative.ca\/International\/wp-json\/wp\/v2\/types\/post"}],"author":[{"embeddable":true,"href":"https:\/\/linitiative.ca\/International\/wp-json\/wp\/v2\/users\/1738"}],"replies":[{"embeddable":true,"href":"https:\/\/linitiative.ca\/International\/wp-json\/wp\/v2\/comments?post=38948"}],"version-history":[{"count":0,"href":"https:\/\/linitiative.ca\/International\/wp-json\/wp\/v2\/posts\/38948\/revisions"}],"wp:featuredmedia":[{"embeddable":true,"href":"https:\/\/linitiative.ca\/International\/wp-json\/"}],"wp:attachment":[{"href":"https:\/\/linitiative.ca\/International\/wp-json\/wp\/v2\/media?parent=38948"}],"wp:term":[{"taxonomy":"category","embeddable":true,"href":"https:\/\/linitiative.ca\/International\/wp-json\/wp\/v2\/categories?post=38948"},{"taxonomy":"post_tag","embeddable":true,"href":"https:\/\/linitiative.ca\/International\/wp-json\/wp\/v2\/tags?post=38948"}],"curies":[{"name":"wp","href":"https:\/\/api.w.org\/{rel}","templated":true}]}}