{"id":38956,"date":"2019-06-06T06:00:00","date_gmt":"2019-06-06T10:00:00","guid":{"rendered":"https:\/\/linitiative.ca\/International\/il-gardait-le-squelette-dune-enfant-de-8-ans-dans-un-sac-a-dos\/"},"modified":"2019-06-06T06:00:00","modified_gmt":"2019-06-06T10:00:00","slug":"il-gardait-le-squelette-dune-enfant-de-8-ans-dans-un-sac-a-dos","status":"publish","type":"post","link":"https:\/\/linitiative.ca\/International\/il-gardait-le-squelette-dune-enfant-de-8-ans-dans-un-sac-a-dos\/","title":{"rendered":"Il gardait le squelette d\u2019une enfant de 8 ans dans un sac \u00e0 dos"},"content":{"rendered":"<p>Rien ne pr\u00e9sageait qu\u2019une simple intervention de la police pour un conflit conjugal allait d\u00e9terrer un secret aussi terrifiant.<br \/>C\u2019est la m\u00e8re du mis en cause dans cette affaire qui a alert\u00e9 la police sur les violences que son fils, \u00e2g\u00e9 de 35 ans, exer\u00e7ait sur son \u00e9pouse \u00e0 l\u2019aide d\u2019un marteau, que les policiers de la premi\u00e8re brigade urbaine sont intervenus \u00e0 leur domicile la derni\u00e8re semaine du mois de Ramadhan.<br \/>Apr\u00e8s une fouille du domicile, les inspecteurs ont d\u00e9couvert dans la chambre du couple un sac \u00e0 dos o\u00f9 \u00e9taient dissimul\u00e9s les restes du squelette d\u2019une enfant de 8 ans. Il s\u2019agit de la fillette de son \u00e9pouse issue de son pr\u00e9c\u00e9dent mariage. Selon les premiers \u00e9l\u00e9ments de l\u2019enqu\u00eate, le meurtre a eu lieu il y a une ann\u00e9e, plus pr\u00e9cis\u00e9ment durant le mois de Ramadhan.<br \/>La victime a succomb\u00e9 \u00e0 ses blessures des suites de plusieurs coups re\u00e7us par son beau-p\u00e8re, dont celui qui lui a \u00e9t\u00e9 fatal, ass\u00e9n\u00e9 \u00e0 l\u2019aide du support d\u2019une parabole.<br \/>Le mis en cause louait avec son \u00e9pouse (la m\u00e8re de la victime) une maison \u00e0 Ha\u00ef Nedjma (Chta\u00efbo), c\u2019est ici m\u00eame qu\u2019il a enterr\u00e9 l\u2019enfant.<br \/>Etant oblig\u00e9 de quitter la location, il a d\u00e9terr\u00e9 le cadavre et le mit dans un sac en plastique puis dans un sac \u00e0 dos pour le laisser chez lui dans sa chambre \u00e0 coucher dans sa nouvelle location \u00e0 Eckm\u00fchl.<br \/>Afin d\u2019emp\u00eacher son \u00e9pouse de le d\u00e9noncer, il la brutalisait, ce qui au final a permis de lever le voile sur cette horrible affaire et ainsi rendre justice \u00e0 l\u2019enfant durant ce Ramadhan, une ann\u00e9e apr\u00e8s que son beau-p\u00e8re lui a \u00f4t\u00e9 la vie.<br \/>Amel Bentolba<\/p>\n<p>Auteur:<br \/>\n<a href=\"https:\/\/www.lesoirdalgerie.com\/regions\/il-gardait-le-squelette-dune-enfant-de-8-ans-dans-un-sac-a-dos-24959\">Cliquez ici pour lire l&rsquo;article depuis sa source.<\/a><\/p>\n","protected":false},"excerpt":{"rendered":"<p>Rien ne pr\u00e9sageait qu\u2019une simple intervention de la police pour un conflit conjugal allait d\u00e9terrer un secret aussi terrifiant.C\u2019est la m\u00e8re du mis en cause dans cette affaire qui a alert\u00e9 la police sur les violences que son fils, \u00e2g\u00e9 de 35 ans, exer\u00e7ait sur son \u00e9pouse \u00e0 l\u2019aide d\u2019un marteau, que les policiers de [&hellip;]<\/p>\n","protected":false},"author":1741,"featured_media":0,"comment_status":"closed","ping_status":"closed","sticky":false,"template":"","format":"standard","meta":{"fifu_image_url":"","fifu_image_alt":"","footnotes":""},"categories":[73,53],"tags":[],"class_list":["post-38956","post","type-post","status-publish","format-standard","hentry","category-actualite","category-algerie"],"_links":{"self":[{"href":"https:\/\/linitiative.ca\/International\/wp-json\/wp\/v2\/posts\/38956","targetHints":{"allow":["GET"]}}],"collection":[{"href":"https:\/\/linitiative.ca\/International\/wp-json\/wp\/v2\/posts"}],"about":[{"href":"https:\/\/linitiative.ca\/International\/wp-json\/wp\/v2\/types\/post"}],"author":[{"embeddable":true,"href":"https:\/\/linitiative.ca\/International\/wp-json\/wp\/v2\/users\/1741"}],"replies":[{"embeddable":true,"href":"https:\/\/linitiative.ca\/International\/wp-json\/wp\/v2\/comments?post=38956"}],"version-history":[{"count":0,"href":"https:\/\/linitiative.ca\/International\/wp-json\/wp\/v2\/posts\/38956\/revisions"}],"wp:attachment":[{"href":"https:\/\/linitiative.ca\/International\/wp-json\/wp\/v2\/media?parent=38956"}],"wp:term":[{"taxonomy":"category","embeddable":true,"href":"https:\/\/linitiative.ca\/International\/wp-json\/wp\/v2\/categories?post=38956"},{"taxonomy":"post_tag","embeddable":true,"href":"https:\/\/linitiative.ca\/International\/wp-json\/wp\/v2\/tags?post=38956"}],"curies":[{"name":"wp","href":"https:\/\/api.w.org\/{rel}","templated":true}]}}