{"id":38961,"date":"2019-06-06T04:01:50","date_gmt":"2019-06-06T08:01:50","guid":{"rendered":"https:\/\/linitiative.ca\/International\/repere-jusque-sur-lesplanade-de-la-kaaba\/"},"modified":"2019-06-06T04:01:50","modified_gmt":"2019-06-06T08:01:50","slug":"repere-jusque-sur-lesplanade-de-la-kaaba","status":"publish","type":"post","link":"https:\/\/linitiative.ca\/International\/repere-jusque-sur-lesplanade-de-la-kaaba\/","title":{"rendered":"Rep\u00e8re : Jusque sur l\u2019esplanade de la Kaaba\u2026"},"content":{"rendered":"<h4 class=\"title-14\"\/>\n<p class=\"p3\"><span class=\"s1\"><strong>L<\/strong><\/span><span class=\"s1\">e pouvoir, aujourd\u2019hui incarn\u00e9 par l\u2019\u00e9tat-major de l\u2019arm\u00e9e, est bien r\u00e9solu \u00e0 appr\u00e9hender en termes de \u00abcrise\u00bb la formidable \u00e9nergie positive qui r\u00e9habilite dans son estime propre le pays et l\u2019engage sur les voies de la r\u00e9demption et du renouveau. On s\u2019obstine ainsi \u00e0 ne jurer que par les dangers du \u00abvide\u00bb, des coupe-gorges extraconstitutionnels ou autres vilaines vell\u00e9it\u00e9s d\u2019ing\u00e9rence en gestation dans quelques contr\u00e9es hostiles, pour appeler le \u00abpeuple\u00bb \u00e0 la sagesse de rentrer chez lui et de laisser faire la lutte contre la \u00abissaba\u00bb comme seule r\u00e9ponse \u00e0 son aspiration de\u00a0changement radical.<\/span><\/p>\n<p class=\"p4\"><span class=\"s1\">Le mouvement populaire, qui a pu balayer deux rendez-vous \u00e9lectoraux pour la pr\u00e9sidentielle en trois mois, apr\u00e8s avoir fait avorter un 5<sup>e<\/sup> mandat pr\u00e9par\u00e9 par les officines les plus retorses du s\u00e9rail, impose une intraitable mise en quarantaine au gouvernement et ses ministres, maintient intacte une mobilisation \u2013\u00a0sans doute parmi plus endurantes, les plus assidues et les plus organis\u00e9e de par le monde\u2026 se retrouve aujourd\u2019hui \u00e0 devoir faire plus et mieux pour convertir les tenants de la d\u00e9cision \u00e0 l\u2019\u00e9vidence que rien ne sera plus comme avant.<\/span><\/p>\n<p class=\"p4\"><span class=\"s1\">Plus de trois mois d\u2019\u00e9bullition et 15 vendredis de m\u00e9morables d\u00e9monstrations, sans que la violence n\u2019ait eu droit de cit\u00e9, sans que la scolarit\u00e9 ne soit perturb\u00e9e, que les cursus universitaires ne soient compromis, malgr\u00e9 une implication massive des \u00e9tudiants et de leurs enseignants, et sans que l\u2019appareil \u00e9conomique, d\u00e9j\u00e0 structurellement r\u00e9duit \u00e0 tr\u00e8s peu de choses, ne subisse la syncope que nombreux experts ont craint comme in\u00e9vitable\u2026 Dans la foul\u00e9e, ce furent plus de trois mois d\u2019apprentissage de cohabitation, voire de communion entre des franges soci\u00e9tales, des groupes politiques et des particularit\u00e9s r\u00e9gionales que l\u2019on pensait jusqu\u2019ici cliv\u00e9s sans r\u00e9mission.<\/span><\/p>\n<p class=\"p4\"><span class=\"s1\">Cette parenth\u00e8se de gr\u00e2ce politique, qui n\u2019est sans doute pas pr\u00e8s de refermer, a vu aussi na\u00eetre des forums populaires de discussions, se r\u00e9v\u00e9ler ou se confirmer des vocations d\u2019animation citoyennes, \u00e9merger des \u00e9lites et des leaders d\u2019opinion, dont le nombre et la diversit\u00e9 ne sont pas forc\u00e9ment le signe de la division, comme il serait loisible de le redouter. Un mouvement profus en esth\u00e9tique et en images \u00e9galement, dont il ne faut pas sous-estimer l\u2019apport dans la structuration d\u2019une conscience sociale et politique dans l\u2019avenir imm\u00e9diat en rupture avec des \u00e9pisodes mortif\u00e8res de luttes v\u00e9cus dans le pass\u00e9.<\/span><\/p>\n<p class=\"p4\"><span class=\"s1\">C\u2019est sans doute cette g\u00e9n\u00e9rosit\u00e9 et cette exemplarit\u00e9 que fait valoir de plus puissant le mouvement du 22 f\u00e9vrier face au monolithe aujourd\u2019hui l\u00e9zard\u00e9 du \u00absyst\u00e8me\u00bb, en attendant que la m\u00e9canique proprement \u00abpolitique\u00bb puisse enfin avoir les conditions de prendre ses droits et de se d\u00e9velopper. Et ces conditions-l\u00e0 d\u00e9pendent de la bonne volont\u00e9 du pouvoir, et de personne d\u2019autre, et de sa capacit\u00e9 \u00e0 bien \u00abrecevoir\u00bb les messages que les Alg\u00e9riens se d\u00e9pensent \u00e0 d\u00e9livrer sans s\u2019emporter et sans s\u2019essouffler depuis plus de 15 semaines.<\/span><\/p>\n<p class=\"p4\"><span class=\"s1\">Les d\u00e9cideurs demeurent pour l\u2019heure prisonniers de logiques en d\u00e9calage criant avec le nouvel \u00e9tat d\u2019esprit du pays, m\u00eame si chaque jour qui passe leur administre la preuve qu\u2019ils sont de plus en plus isol\u00e9s et d\u00e9sarm\u00e9s, quoi que laisse croire la puissance th\u00e9orique d\u2019institutions dont le r\u00e9galien, faut-il le rappeler, ne tient qu\u2019\u00e0 l\u2019assentiment contractuel du \u00abpeuple\u00bb au nom de qui est exerc\u00e9 le pouvoir, \u00e9tablie la Constitution et rendue la justice.<\/span><\/p>\n<p class=\"p4\"><span class=\"s1\">Etrange que cette obstination des hommes du pouvoir \u00e0 s\u2019agripper aux r\u00e9sidus illusoires de leur ancienne puissance, quitte \u00e0 \u00eatre poursuivis jusqu\u2019au pied de la Kaaba par le fatidique \u00abYetnahaw gaa\u00a0!\u00bb, comme a pu le subir r\u00e9cemment le malheureux Bedoui, au moment o\u00f9 tout le pays les invite, avec le sourire (en tout cas pour le moment), \u00e0 sauver ce qui peut l\u2019\u00eatre de la face, en passant le t\u00e9moin sans calculs foireux \u00e0 d\u2019autres Alg\u00e9riens, aux nouvelles g\u00e9n\u00e9rations.<\/span><\/p>\n<p><span class=\"post-views-label\">Post Views:<\/span> <span class=\"post-views-count\">121<\/span><\/p>\n<p>Auteur: Anis Khecheba<br \/>\n<a href=\"https:\/\/www.elwatan.com\/edition\/actualite\/repere-jusque-sur-lesplanade-de-la-kaaba-06-06-2019\">Cliquez ici pour lire l&rsquo;article depuis sa source.<\/a><\/p>\n","protected":false},"excerpt":{"rendered":"<p>Le pouvoir, aujourd\u2019hui incarn\u00e9 par l\u2019\u00e9tat-major de l\u2019arm\u00e9e, est bien r\u00e9solu \u00e0 appr\u00e9hender en termes de \u00abcrise\u00bb la formidable \u00e9nergie positive qui r\u00e9habilite dans son estime propre le pays et l\u2019engage sur les voies de la r\u00e9demption et du renouveau. On s\u2019obstine ainsi \u00e0 ne jurer que par les dangers du \u00abvide\u00bb, des coupe-gorges extraconstitutionnels [&hellip;]<\/p>\n","protected":false},"author":1743,"featured_media":0,"comment_status":"closed","ping_status":"closed","sticky":false,"template":"","format":"standard","meta":{"fifu_image_url":"","fifu_image_alt":"","footnotes":""},"categories":[73,53],"tags":[],"class_list":["post-38961","post","type-post","status-publish","format-standard","hentry","category-actualite","category-algerie"],"_links":{"self":[{"href":"https:\/\/linitiative.ca\/International\/wp-json\/wp\/v2\/posts\/38961","targetHints":{"allow":["GET"]}}],"collection":[{"href":"https:\/\/linitiative.ca\/International\/wp-json\/wp\/v2\/posts"}],"about":[{"href":"https:\/\/linitiative.ca\/International\/wp-json\/wp\/v2\/types\/post"}],"author":[{"embeddable":true,"href":"https:\/\/linitiative.ca\/International\/wp-json\/wp\/v2\/users\/1743"}],"replies":[{"embeddable":true,"href":"https:\/\/linitiative.ca\/International\/wp-json\/wp\/v2\/comments?post=38961"}],"version-history":[{"count":0,"href":"https:\/\/linitiative.ca\/International\/wp-json\/wp\/v2\/posts\/38961\/revisions"}],"wp:attachment":[{"href":"https:\/\/linitiative.ca\/International\/wp-json\/wp\/v2\/media?parent=38961"}],"wp:term":[{"taxonomy":"category","embeddable":true,"href":"https:\/\/linitiative.ca\/International\/wp-json\/wp\/v2\/categories?post=38961"},{"taxonomy":"post_tag","embeddable":true,"href":"https:\/\/linitiative.ca\/International\/wp-json\/wp\/v2\/tags?post=38961"}],"curies":[{"name":"wp","href":"https:\/\/api.w.org\/{rel}","templated":true}]}}