{"id":38965,"date":"2019-06-06T06:00:00","date_gmt":"2019-06-06T10:00:00","guid":{"rendered":"https:\/\/linitiative.ca\/International\/alerte-au-mildiou-de-la-tomate\/"},"modified":"2019-06-06T06:00:00","modified_gmt":"2019-06-06T10:00:00","slug":"alerte-au-mildiou-de-la-tomate","status":"publish","type":"post","link":"https:\/\/linitiative.ca\/International\/alerte-au-mildiou-de-la-tomate\/","title":{"rendered":"Alerte au mildiou de la tomate"},"content":{"rendered":"<p>Quelques foyers ont \u00e9t\u00e9 rep\u00e9r\u00e9s dans le bassin mara\u00eecher dans la r\u00e9gion de Bouguirat. La phase d\u2019alerte a donc \u00e9t\u00e9 d\u00e9clench\u00e9e par la Station r\u00e9gionale pour la protection des v\u00e9g\u00e9taux (SRPV). Les d\u00e9g\u00e2ts provoqu\u00e9s peuvent \u00eatre importants et surtout se r\u00e9pandre tr\u00e8s rapidement \u00e0 d\u2019autres r\u00e9gions.<br \/>Un communiqu\u00e9 des Services r\u00e9gionaux de la protection des v\u00e9g\u00e9taux avec la collaboration de la Chambre d\u2019agriculture de la wilaya de Mostaganem vient d\u2019aviser tous les agriculteurs de suivre une strat\u00e9gie de lutte contre le mildiou de la tomate pour tenter de sauver la r\u00e9colte de saison. Quelques producteurs de ce l\u00e9gume sont inquiets et pour cause, des sympt\u00f4mes de mildiou sont apparus sur les plants y compris sur la tomate. Le mildiou a l\u2019habitude de faire des ravages dans la wilaya de Mostaganem, donc, ce champignon demeure toujours vivace dans les esprits, et le revoil\u00e0 qui r\u00e9investit quelques exploitations agricoles. C\u2019est \u00e0 croire que les produits phytosanitaires utilis\u00e9s sont inefficaces en tout cas, ils n\u2019ont pas eu les effets escompt\u00e9s.<br \/>A la faveur des conditions climatiques particuli\u00e8rement propices, par l&rsquo;alternance des averses et des \u00e9claircies, voire des coups de chaleur culminant au-del\u00e0 des 22\u00b0C, cette apparition, \u00e0 trois o\u00f9 quatre semaines \u00e0 peine des premi\u00e8res r\u00e9coltes de la tomate, semble advenir au pire moment, risquant de compromettre la production tant attendue.<br \/>Le traitement \u00e9tait syst\u00e9matiquement effectu\u00e9, conform\u00e9ment aux prescriptions des Services de la protection des v\u00e9g\u00e9taux. La soudaine attaque conjugu\u00e9e \u00e0 la hantise du d\u00e9sastre n&rsquo;a pas tard\u00e9 \u00e0 susciter la panique. Le long des 122 km de c\u00f4te de la Macta \u00e0 Acha\u00e2cha, les champs de tomate s\u2019\u00e9tendent \u00e0 perte de vue. Cette zone du littoral est g\u00e9r\u00e9e par des agriculteurs venus des r\u00e9gions de Chlef et de Tipasa et le r\u00e9sultat de la production de ce produit est plus que positif puisque les r\u00e9alisations ont largement d\u00e9pass\u00e9 les pr\u00e9visions. Compte tenu de l\u2019apparition de quelques foyers dans la r\u00e9gion de Bouguirat, la SRPV a d\u00e9cid\u00e9 d\u2019intensifier les contr\u00f4les des parcelles de tomate.<br \/>A. Bensadok<\/p>\n<p>PROTECTION DE L\u2019ENFANT<br \/><strong>Les d\u00e9lits sur les enfants en nette baisse<\/strong><\/p>\n<p>Le bilan des constats d&rsquo;\u00e9chec en mati\u00e8re de protection de l&rsquo;enfant est en nette baisse par rapport \u00e0 la m\u00eame p\u00e9riode de l&rsquo;ann\u00e9e derni\u00e8re dans la wilaya de Mostaganem.<br \/>Les services de police ont organis\u00e9, lundi dernier, une campagne de sensibilisation \u00e0 la Maison de la culture pour pr\u00e9venir les mineurs des dangers de la rue. Les \u00e9l\u00e8ves ont suivi avec attention les statistiques des diff\u00e9rents cas de d\u00e9lits ou d\u2019atteintes constat\u00e9s au 1er juin 2019. Le service de la m\u00e9decine l\u00e9gale a enregistr\u00e9 15 cas d&rsquo;agression sur les enfants sur 69 enregistr\u00e9s en 2018. Un calcul rapide rend \u00e9galement les chiffres suivants : 33 cas recens\u00e9s de diff\u00e9rents d\u00e9lits dont 11 li\u00e9s aux vols \u00e0 l\u2019\u00e9talage sur 77 cas enregistr\u00e9s dans la m\u00eame p\u00e9riode en 2018. 50 cas de coups et blessures volontaires sont r\u00e9pertori\u00e9s \u00e0 ce jour sur 111 cas enregistr\u00e9s dans la m\u00eame p\u00e9riode en 2018.<br \/>Des d\u00e9lits aussi graves les uns que les autres et punis par la loi. Ces chiffres ne tiennent pas compte des cas non d\u00e9clar\u00e9s.<br \/>Le pire est que ces franges mineures souffrent en silence \u00e9tant donn\u00e9 que 60% de ces abus sont perp\u00e9tr\u00e9s dans un cadre familial. Un mineur est d\u00e9fini selon le code p\u00e9nal comme une personne \u00e2g\u00e9e de moins de 18 ans.<br \/>A. B.<\/p>\n<p>Auteur:<br \/>\n<a href=\"https:\/\/www.lesoirdalgerie.com\/regions\/alerte-au-mildiou-de-la-tomate-24956\">Cliquez ici pour lire l&rsquo;article depuis sa source.<\/a><\/p>\n","protected":false},"excerpt":{"rendered":"<p>Quelques foyers ont \u00e9t\u00e9 rep\u00e9r\u00e9s dans le bassin mara\u00eecher dans la r\u00e9gion de Bouguirat. La phase d\u2019alerte a donc \u00e9t\u00e9 d\u00e9clench\u00e9e par la Station r\u00e9gionale pour la protection des v\u00e9g\u00e9taux (SRPV). Les d\u00e9g\u00e2ts provoqu\u00e9s peuvent \u00eatre importants et surtout se r\u00e9pandre tr\u00e8s rapidement \u00e0 d\u2019autres r\u00e9gions.Un communiqu\u00e9 des Services r\u00e9gionaux de la protection des v\u00e9g\u00e9taux [&hellip;]<\/p>\n","protected":false},"author":1741,"featured_media":0,"comment_status":"closed","ping_status":"closed","sticky":false,"template":"","format":"standard","meta":{"fifu_image_url":"","fifu_image_alt":"","footnotes":""},"categories":[73,53],"tags":[],"class_list":["post-38965","post","type-post","status-publish","format-standard","hentry","category-actualite","category-algerie"],"_links":{"self":[{"href":"https:\/\/linitiative.ca\/International\/wp-json\/wp\/v2\/posts\/38965","targetHints":{"allow":["GET"]}}],"collection":[{"href":"https:\/\/linitiative.ca\/International\/wp-json\/wp\/v2\/posts"}],"about":[{"href":"https:\/\/linitiative.ca\/International\/wp-json\/wp\/v2\/types\/post"}],"author":[{"embeddable":true,"href":"https:\/\/linitiative.ca\/International\/wp-json\/wp\/v2\/users\/1741"}],"replies":[{"embeddable":true,"href":"https:\/\/linitiative.ca\/International\/wp-json\/wp\/v2\/comments?post=38965"}],"version-history":[{"count":0,"href":"https:\/\/linitiative.ca\/International\/wp-json\/wp\/v2\/posts\/38965\/revisions"}],"wp:attachment":[{"href":"https:\/\/linitiative.ca\/International\/wp-json\/wp\/v2\/media?parent=38965"}],"wp:term":[{"taxonomy":"category","embeddable":true,"href":"https:\/\/linitiative.ca\/International\/wp-json\/wp\/v2\/categories?post=38965"},{"taxonomy":"post_tag","embeddable":true,"href":"https:\/\/linitiative.ca\/International\/wp-json\/wp\/v2\/tags?post=38965"}],"curies":[{"name":"wp","href":"https:\/\/api.w.org\/{rel}","templated":true}]}}