{"id":38969,"date":"2019-06-06T06:50:01","date_gmt":"2019-06-06T10:50:01","guid":{"rendered":"https:\/\/linitiative.ca\/International\/danemark-mette-frederiksen-ou-la-nouvelle-social-democratie\/"},"modified":"2019-06-06T06:50:01","modified_gmt":"2019-06-06T10:50:01","slug":"danemark-mette-frederiksen-ou-la-nouvelle-social-democratie","status":"publish","type":"post","link":"https:\/\/linitiative.ca\/International\/danemark-mette-frederiksen-ou-la-nouvelle-social-democratie\/","title":{"rendered":"Danemark: Mette Frederiksen ou la nouvelle social-d\u00e9mocratie"},"content":{"rendered":"<div readability=\"32\">\n<p>Publi\u00e9 le 06.06.2019 \u00e0 11h50 par AFP<\/p>\n<\/div>\n<div readability=\"156\">\n<p>Probable future Premi\u00e8re ministre du Danemark apr\u00e8s la victoire de son parti aux l\u00e9gislatives de mercredi, Mette Frederiksen incarne sans complexe cette nouvelle social-d\u00e9mocratie acquise \u00e0 la rigueur migratoire au nom de la d\u00e9fense de l\u2019Etat-providence.<\/p>\n<p>La \u00ab\u00a0quadra\u00a0\u00bb de province \u00ab\u00a0a du sang ouvrier dans les veines, est une sociale-d\u00e9mocrate de quatri\u00e8me g\u00e9n\u00e9ration (\u2026) et s\u2019est pr\u00e9par\u00e9e pendant des ann\u00e9es \u00e0 conduire ce parti qu\u2019elle conna\u00eet si bien\u00a0\u00bb, rappelle le quotidien Politiken.<\/p>\n<p>D\u00e9put\u00e9e \u00e0 24 ans, en 2001, elle a \u00e9t\u00e9 ministre de l\u2019Emploi puis de la Justice avant de prendre la t\u00eate de la plus grande formation du Danemark en 2015. Elle profitait du d\u00e9part d\u2019Helle Thorning-Schmidt, premi\u00e8re femme Premier ministre du pays vaincue aux l\u00e9gislatives par le lib\u00e9ral Lars L\u00f8kke Rasmussen.<\/p>\n<p>Si la campagne pour les l\u00e9gislatives s\u2019est concentr\u00e9e sur les questions du climat et de la protection sociale dans un pays de plein-emploi \u00e0 la population vieillissante, Mme Frederiksen \u00ab\u00a0s\u2019est refus\u00e9e \u00e0 faire des promesses concr\u00e8tes, sauf en mati\u00e8re d\u2019immigration\u00a0\u00bb, selon Politiken.<\/p>\n<p>Elle d\u00e9non\u00e7ait au d\u00e9but des ann\u00e9es 2000 une politique d\u2019accueil \u00ab\u00a0parmi les plus dures d\u2019Europe\u00a0\u00bb. Or, alors m\u00eame que cette politique s\u2019est encore durcie, Mme Frederiksen s\u2019est convertie \u00e0 la rigueur \u00e0 l\u2019oeuvre au Danemark depuis pr\u00e8s de deux d\u00e9cennies.<\/p>\n<p>Usant d\u2019une s\u00e9mantique d\u00e9sormais courante dans le royaume scandinave, elle a m\u00eame pr\u00e9sent\u00e9 l\u2019an dernier un projet de r\u00e9forme pr\u00e9voyant de renvoyer les migrants \u00ab\u00a0non occidentaux\u00a0\u00bb dans des camps africains sous supervision de l\u2019ONU.<\/p>\n<p>\u00ab\u00a0Mette Frederiksen sait que pour avoir du succ\u00e8s au Danemark, elle doit pr\u00e9senter une politique de l\u2019asile et de l\u2019immigration stricte\u00a0\u00bb, r\u00e9sume pour l\u2019AFP Ulf Hedetoft, professeur \u00e0 l\u2019Universit\u00e9 de Copenhague sp\u00e9cialiste des cultures politiques.<\/p>\n<p>\u00ab\u00a0Je constate simplement qu\u2019aujourd\u2019hui 75% des parlementaires soutiennent une politique de l\u2019immigration dure\u00a0\u00bb, justifiait l\u2019int\u00e9ress\u00e9e dans un livre d\u2019entretiens publi\u00e9 au printemps, \u00ab\u00a0Un portrait politique\u00a0\u00bb.<\/p>\n<p>Mette Frederiksen entend former un gouvernement minoritaire, une habitude au Danemark o\u00f9 le syst\u00e8me est proportionnel. Elle s\u2019appuierait au cas par cas sur la gauche, par exemple sur l\u2019\u00e9ducation, ou la droite, notamment sur la politique migratoire.<\/p>\n<p>Mais elle devra \u00eatre humble en abordant les n\u00e9gociations en vue de former un gouvernement. Sa victoire tient moins au score de son parti, arriv\u00e9 en t\u00eate mais en recul par rapport \u00e0 2015, qu\u2019\u00e0 la progression des autres partis de gauche et au repli des alli\u00e9s de droite du Premier ministre sortant, le lib\u00e9ral Lars L\u00f8kke Rasmussen.<\/p>\n<p>\u2013 \u00ab\u00a0Obs\u00e9d\u00e9e\u00a0\u00bb par la politique \u2013<\/p>\n<p>Si elle devrait devenir \u00e0 41 ans la plus jeune Premi\u00e8re ministre du pays, Mette Frederiksen est loin d\u2019\u00eatre novice en politique.<\/p>\n<p>\u00ab\u00a0Elle est obs\u00e9d\u00e9e par la chose publique depuis qu\u2019elle a six-sept ans\u00a0\u00bb, a confi\u00e9 son p\u00e8re Flemming Frederiksen, ancien typographe militant social-d\u00e9mocrate, \u00e0 l\u2019agence de presse Ritzau.<\/p>\n<p>Membre des jeunesses socialistes \u00e0 15 ans, elle r\u00e9glait une cotisation \u00e0 l\u2019ANC sud-africain dans son adolescence.<\/p>\n<p>\u00ab\u00a0Je n\u2019ai jamais dout\u00e9 que Mette, si elle le voulait, irait jusqu\u2019au bout\u00a0\u00bb, a-t-il ajout\u00e9.<\/p>\n<p>Divorc\u00e9e, cette m\u00e8re de deux adolescents native d\u2019Aalborg a une passion ancienne pour\u2026 les listes. \u00ab\u00a0Je fais des listes des choses que je dois finir. J\u2019aime ressentir le plaisir d\u2019avoir fini quelque chose pour pouvoir passer \u00e0 la suivante\u00a0\u00bb, explique-t-elle.<\/p>\n<p>Depuis son arriv\u00e9e \u00e0 la t\u00eate de la formation sociale-d\u00e9mocrate, elle a su unir les diff\u00e9rents courants du parti. Pendant toute sa campagne sa communication a \u00e9t\u00e9 extr\u00eamement verrouill\u00e9e, \u00e0 mille lieues de la r\u00e9putation de transparence du pays nordique.<\/p>\n<p>\u00ab\u00a0Pour la premi\u00e8re fois depuis Anker [J\u00f8rgensen, pr\u00e9sident des sociaux-d\u00e9mocrates danois de 1972 \u00e0 1987], nous avons un chef que tout le monde dans l\u2019organisation soutient\u00a0\u00bb, a confi\u00e9 au journal Altinget un v\u00e9t\u00e9ran du parti Bjarne Laustsen.<\/p>\n<p>Elle \u00ab\u00a0fait fructifier l\u2019\u00e2me v\u00e9ritable du vieux parti des travailleurs\u00a0\u00bb, soulignait l\u2019hebdomadaire Weekendavisen.<\/p>\n<p>Tandis que sa pr\u00e9d\u00e9cesseure a pratiqu\u00e9 une politique d\u2019aust\u00e9rit\u00e9 en r\u00e9ponse \u00e0 la crise \u00e9conomique de 2008, Mme Frederiksen d\u00e9fend un projet \u00ab\u00a0beaucoup plus \u00e0 gauche avec de plus grandes d\u00e9penses pour le syst\u00e8me social\u00a0\u00bb, note M. Juul Christiansen.<\/p>\n<p>Elle entend notamment permettre un d\u00e9part \u00e0 la retraite anticip\u00e9e pour les carri\u00e8res longues et p\u00e9nibles et arr\u00eater les coupes budg\u00e9taires dans la sant\u00e9 et l\u2019\u00e9ducation.<\/p>\n<p>Ap\u00f4tre de l\u2019\u00e9cole publique, elle avait \u00e9t\u00e9 critiqu\u00e9e en 2010 pour l\u2019inscription de ses enfants dans un \u00e9tablissement priv\u00e9.<\/p>\n<\/div>\n<p>Auteur: AFP<br \/>\n<a href=\"https:\/\/www.journalducameroun.com\/danemark-mette-frederiksen-ou-la-nouvelle-social-democratie\/\">Cliquez ici pour lire l&rsquo;article depuis sa source.<\/a><\/p>\n","protected":false},"excerpt":{"rendered":"<p>Publi\u00e9 le 06.06.2019 \u00e0 11h50 par AFP Probable future Premi\u00e8re ministre du Danemark apr\u00e8s la victoire de son parti aux l\u00e9gislatives de mercredi, Mette Frederiksen incarne sans complexe cette nouvelle social-d\u00e9mocratie acquise \u00e0 la rigueur migratoire au nom de la d\u00e9fense de l\u2019Etat-providence. La \u00ab\u00a0quadra\u00a0\u00bb de province \u00ab\u00a0a du sang ouvrier dans les veines, est [&hellip;]<\/p>\n","protected":false},"author":1965,"featured_media":0,"comment_status":"closed","ping_status":"closed","sticky":false,"template":"","format":"standard","meta":{"fifu_image_url":"","fifu_image_alt":"","footnotes":""},"categories":[73,82],"tags":[],"class_list":["post-38969","post","type-post","status-publish","format-standard","hentry","category-actualite","category-cameroun"],"_links":{"self":[{"href":"https:\/\/linitiative.ca\/International\/wp-json\/wp\/v2\/posts\/38969","targetHints":{"allow":["GET"]}}],"collection":[{"href":"https:\/\/linitiative.ca\/International\/wp-json\/wp\/v2\/posts"}],"about":[{"href":"https:\/\/linitiative.ca\/International\/wp-json\/wp\/v2\/types\/post"}],"author":[{"embeddable":true,"href":"https:\/\/linitiative.ca\/International\/wp-json\/wp\/v2\/users\/1965"}],"replies":[{"embeddable":true,"href":"https:\/\/linitiative.ca\/International\/wp-json\/wp\/v2\/comments?post=38969"}],"version-history":[{"count":0,"href":"https:\/\/linitiative.ca\/International\/wp-json\/wp\/v2\/posts\/38969\/revisions"}],"wp:attachment":[{"href":"https:\/\/linitiative.ca\/International\/wp-json\/wp\/v2\/media?parent=38969"}],"wp:term":[{"taxonomy":"category","embeddable":true,"href":"https:\/\/linitiative.ca\/International\/wp-json\/wp\/v2\/categories?post=38969"},{"taxonomy":"post_tag","embeddable":true,"href":"https:\/\/linitiative.ca\/International\/wp-json\/wp\/v2\/tags?post=38969"}],"curies":[{"name":"wp","href":"https:\/\/api.w.org\/{rel}","templated":true}]}}