{"id":38976,"date":"2019-06-05T17:48:49","date_gmt":"2019-06-05T21:48:49","guid":{"rendered":"https:\/\/linitiative.ca\/International\/11es-uaco-lequipe-scientifique-installee\/"},"modified":"2019-06-05T17:48:49","modified_gmt":"2019-06-05T21:48:49","slug":"11es-uaco-lequipe-scientifique-installee","status":"publish","type":"post","link":"https:\/\/linitiative.ca\/International\/11es-uaco-lequipe-scientifique-installee\/","title":{"rendered":"11es UACO L\u2019\u00e9quipe scientifique install\u00e9e"},"content":{"rendered":"<div class=\"td-post-featured-image\"><a href=\"https:\/\/i2.wp.com\/www.sidwaya.info\/wp-content\/uploads\/2019\/06\/uaco06.jpg?fit=787%2C563&#038;ssl=1\" data-caption=\"\"><img loading=\"lazy\" decoding=\"async\" width=\"696\" height=\"498\" class=\"entry-thumb td-modal-image\" src=\"https:\/\/i2.wp.com\/www.sidwaya.info\/wp-content\/uploads\/2019\/06\/uaco06.jpg?resize=696%2C498&#038;ssl=1\" srcset=\"https:\/\/i2.wp.com\/www.sidwaya.info\/wp-content\/uploads\/2019\/06\/uaco06.jpg?w=787&#038;ssl=1 787w, https:\/\/i2.wp.com\/www.sidwaya.info\/wp-content\/uploads\/2019\/06\/uaco06.jpg?resize=300%2C215&#038;ssl=1 300w, https:\/\/i2.wp.com\/www.sidwaya.info\/wp-content\/uploads\/2019\/06\/uaco06.jpg?resize=768%2C549&#038;ssl=1 768w, https:\/\/i2.wp.com\/www.sidwaya.info\/wp-content\/uploads\/2019\/06\/uaco06.jpg?resize=696%2C498&#038;ssl=1 696w, https:\/\/i2.wp.com\/www.sidwaya.info\/wp-content\/uploads\/2019\/06\/uaco06.jpg?resize=587%2C420&#038;ssl=1 587w\" sizes=\"auto, (max-width: 696px) 100vw, 696px\" alt=\"\" title=\"uaco06\"\/><\/a><\/div>\n<div class=\"td-a-rec td-a-rec-id-content_top td_uid_30_5cf8fdf0349a1_rand td_block_template_1\"><img loading=\"lazy\" decoding=\"async\" class=\"aligncenter size-full wp-image-4463\" src=\"https:\/\/www.sidwaya.info\/wp-content\/uploads\/2019\/02\/FESPACO-TOUR-2019-Bannie%CC%80re-728x90-1.jpg\" alt=\"\" width=\"728\" height=\"90\"\/><\/div>\n<p><strong>Le Conseil scientifique des 11es Universit\u00e9s africaines de la communication de Ouagadougou (UACO) a \u00e9t\u00e9 install\u00e9 dans ses fonctions par le ministre en charge de la communication, Remis Fulgance Dandjinou, le lundi 3 juin 2019, dans la capitale burkinab\u00e8.<\/strong><\/p>\n<p>Ils sont 11 leaders du secteur de l\u2019information et de la communication au Burkina Faso \u00e0 assurer le Conseil scientifique des 11es Universit\u00e9s africaines de la communication de Ouagadougou (UACO). Ils ont \u00e9t\u00e9 install\u00e9s dans leurs fonctions, le lundi 3 juin 2019 \u00e0 Ouagadougou, par le ministre de la Communication et des relations avec le Parlement, Remis Fulgance Dandjinou. Pour le ministre, les UACO sont un grand rendez-vous de la promotion de la communication sur le continent. \u00abC\u2019est un cadre international d\u2019\u00e9changes et de partages d\u2019exp\u00e9riences regroupant les experts et des professionnels de l\u2019information et de la communication autour des enjeux et des d\u00e9fis du secteur\u00bb, a indiqu\u00e9 le ministre Dandjinou. Et le conseil scientifique, aux dires du ministre, se veut l\u2019unit\u00e9 centrale charg\u00e9e de la conception et de la mise en \u0153uvre du contenu scientifique de l\u2019\u00e9v\u00e8nement. Il veille non seulement \u00e0 la qualit\u00e9 des th\u00e8mes et sous-th\u00e8mes qui seront abord\u00e9s, mais aussi \u00e0 la coh\u00e9rence des programmations des communications. D\u2019o\u00f9 le choix justifi\u00e9 de 11 fins limiers de la communication et du journalisme au Burkina Faso. \u00abLe conseil scientifique est d\u2019une grande importance pour le succ\u00e8s des UACO. Il est de vigilance scientifique\u00bb, a dit Remis Dandjinou. Pour l\u2019\u00e9dition de 2019, le th\u00e8me central est\u00a0: \u00abLa communication g\u00e9opolitique de l\u2019Afrique et des pays africains\u00a0: construire une autre image\u00bb. De 2004 \u00e0 2017, le gouvernement s\u2019est dit satisfait du d\u00e9roulement de cette rencontre africaine, car a pr\u00e9cis\u00e9 M. Dandjinou, les UACO ont pu traiter \u00e0 cette p\u00e9riode de 15 th\u00e9matiques pertinentes et plus d\u2019une cinquantaine de sous-th\u00e8mes. \u00abLes UACO se sont bonifi\u00e9es au fil des ans, et l\u2019engouement suscit\u00e9 est certain, mais chaque \u00e9dition est un d\u00e9fi au plan organisation\u00bb, a pr\u00e9venu le porte-parole du gouvernement.<\/p>\n<p>Wanl\u00e9 G\u00e9rard COULIBALY<\/p>\n<div class=\"td-a-rec td-a-rec-id-content_bottom td_uid_31_5cf8fdf034b4b_rand td_block_template_1\"><img loading=\"lazy\" decoding=\"async\" class=\"alignright size-full wp-image-1724\" src=\"https:\/\/www.sidwaya.info\/wp-content\/uploads\/2018\/12\/sidwaya-pub.jpg\" alt=\"\" width=\"720\" height=\"90\"\/><\/div>\n<p>Auteur: BM. Sidwaya<br \/>\n<a href=\"https:\/\/www.sidwaya.info\/blog\/2019\/06\/05\/11es-uaco-lequipe-scientifique-installee\/\">Cliquez ici pour lire l&rsquo;article depuis sa source.<\/a><\/p>\n","protected":false},"excerpt":{"rendered":"<p>Le Conseil scientifique des 11es Universit\u00e9s africaines de la communication de Ouagadougou (UACO) a \u00e9t\u00e9 install\u00e9 dans ses fonctions par le ministre en charge de la communication, Remis Fulgance Dandjinou, le lundi 3 juin 2019, dans la capitale burkinab\u00e8. Ils sont 11 leaders du secteur de l\u2019information et de la communication au Burkina Faso \u00e0 [&hellip;]<\/p>\n","protected":false},"author":1816,"featured_media":0,"comment_status":"closed","ping_status":"closed","sticky":false,"template":"","format":"standard","meta":{"fifu_image_url":"","fifu_image_alt":"","footnotes":""},"categories":[73,81],"tags":[],"class_list":["post-38976","post","type-post","status-publish","format-standard","hentry","category-actualite","category-burkina-faso"],"_links":{"self":[{"href":"https:\/\/linitiative.ca\/International\/wp-json\/wp\/v2\/posts\/38976","targetHints":{"allow":["GET"]}}],"collection":[{"href":"https:\/\/linitiative.ca\/International\/wp-json\/wp\/v2\/posts"}],"about":[{"href":"https:\/\/linitiative.ca\/International\/wp-json\/wp\/v2\/types\/post"}],"author":[{"embeddable":true,"href":"https:\/\/linitiative.ca\/International\/wp-json\/wp\/v2\/users\/1816"}],"replies":[{"embeddable":true,"href":"https:\/\/linitiative.ca\/International\/wp-json\/wp\/v2\/comments?post=38976"}],"version-history":[{"count":0,"href":"https:\/\/linitiative.ca\/International\/wp-json\/wp\/v2\/posts\/38976\/revisions"}],"wp:attachment":[{"href":"https:\/\/linitiative.ca\/International\/wp-json\/wp\/v2\/media?parent=38976"}],"wp:term":[{"taxonomy":"category","embeddable":true,"href":"https:\/\/linitiative.ca\/International\/wp-json\/wp\/v2\/categories?post=38976"},{"taxonomy":"post_tag","embeddable":true,"href":"https:\/\/linitiative.ca\/International\/wp-json\/wp\/v2\/tags?post=38976"}],"curies":[{"name":"wp","href":"https:\/\/api.w.org\/{rel}","templated":true}]}}