{"id":38977,"date":"2019-06-06T06:50:07","date_gmt":"2019-06-06T10:50:07","guid":{"rendered":"https:\/\/linitiative.ca\/International\/soudan-les-autorites-cherchent-a-minorer-lampleur-de-la-repression-2\/"},"modified":"2019-06-06T06:50:07","modified_gmt":"2019-06-06T10:50:07","slug":"soudan-les-autorites-cherchent-a-minorer-lampleur-de-la-repression-2","status":"publish","type":"post","link":"https:\/\/linitiative.ca\/International\/soudan-les-autorites-cherchent-a-minorer-lampleur-de-la-repression-2\/","title":{"rendered":"Soudan: les autorit\u00e9s cherchent \u00e0 minorer l\u2019ampleur de la r\u00e9pression"},"content":{"rendered":"<p>Le gouvernement soudanais a cherch\u00e9 jeudi \u00e0 minorer l\u2019ampleur de la r\u00e9pression sanglante des derniers jours contre la contestation, d\u00e9termin\u00e9e de son c\u00f4t\u00e9 \u00e0 poursuivre la lutte \u00ab\u00a0pacifique\u00a0\u00bb contre le pouvoir militaire malgr\u00e9 la peur li\u00e9e \u00e0 l\u2019escalade de la violence.<\/p>\n<p>Dans un premier bilan officiel, le minist\u00e8re de la Sant\u00e9 a affirm\u00e9, via l\u2019agence officielle Suna, que le bilan des victimes de la r\u00e9pression depuis lundi n\u2019avait \u00ab\u00a0pas d\u00e9pass\u00e9 46\u00a0\u00bb, d\u00e9mentant les chiffres relay\u00e9s jusque-l\u00e0 par un comit\u00e9 de m\u00e9decins proche de la contestation.<\/p>\n<p>Selon ce comit\u00e9, au moins 108 personnes ont \u00e9t\u00e9 tu\u00e9es et plus de 500 bless\u00e9es en trois jours, pour la plupart dans la dispersion brutale d\u2019un sit-in devant le si\u00e8ge de l\u2019arm\u00e9e lundi \u00e0 Khartoum.<\/p>\n<p>Cette op\u00e9ration, un \u00ab\u00a0massacre\u00a0\u00bb perp\u00e9tr\u00e9 par des \u00ab\u00a0milices\u00a0\u00bb du Conseil militaire selon ce groupe de professionnels, a \u00e9t\u00e9 vivement d\u00e9nonc\u00e9 par l\u2019ONU, les Etats-Unis et la Grande-Bretagne, entre autres. Et, selon la m\u00eame source, le bilan de cette r\u00e9pression pourrait encore grossir.<\/p>\n<p>Parmi les morts, 40 ont \u00e9t\u00e9 retrouv\u00e9s dans les eaux du Nil, a assur\u00e9 le comit\u00e9, s\u2019appuyant sur des t\u00e9moignages de m\u00e9decins sur place. Il n\u2019a toutefois pas donn\u00e9 d\u2019autres d\u00e9tails.<\/p>\n<p>Jeudi, les principales art\u00e8res de la capitale \u00e9taient ouvertes, avec un d\u00e9ploiement important des Forces de soutien rapide (RSF), des paramilitaires rattach\u00e9s aux services de s\u00e9curit\u00e9. Pr\u00e9sent\u00e9es par leurs d\u00e9tracteurs comme un avatar des redoutables milices Janjawid ayant s\u00e9vi au Darfour, les RSF sont accus\u00e9es d\u2019\u00eatre les principaux auteurs de la r\u00e9pression sanglante depuis lundi.<\/p>\n<p>La circulation dans les rues de Khartoum appara\u00eet plus importante que ces derniers jours, avec quelques voitures, bus et minibus. Davantage de magasins sont ouverts en ce deuxi\u00e8me jour de la f\u00eate du Fitr marquant la fin du je\u00fbne du ramadan.<\/p>\n<p>Comme les deux jours pr\u00e9c\u00e9dents, de nombreux vols \u00e0 destination de Khartoum ont \u00e9t\u00e9 annul\u00e9s mercredi soir.<\/p>\n<p>A l\u2019a\u00e9roport, les proches de voyageurs sont rest\u00e9s assis tard dans la nuit dans le petit terminal d\u2019arriv\u00e9e sans avoir acc\u00e8s aux informations sur leurs vols, selon un journaliste de l\u2019AFP sur place. Un petit nombre d\u2019avions a atterri.<\/p>\n<p>\u2013 \u00ab\u00a0La r\u00e9volution continue\u00a0\u00bb \u2013<\/p>\n<p>Le Soudan est secou\u00e9 depuis d\u00e9cembre par un soul\u00e8vement populaire in\u00e9dit d\u00e9clench\u00e9 par le triplement du prix du pain et qui a conduit au renversement par l\u2019arm\u00e9e de l\u2019ex-pr\u00e9sident Omar el-B\u00e9chir le 11 avril.<\/p>\n<p>La mobilisation s\u2019est poursuivie, les manifestants campant devant le QG de l\u2019arm\u00e9e pour r\u00e9clamer le transfert du pouvoir aux civils.<\/p>\n<p>La dispersion brutale de ce rassemblement devenu embl\u00e9matique a provoqu\u00e9 une onde de choc parmi les protestataires.<\/p>\n<p>Mais en d\u00e9pit de la r\u00e9pression et de la peur, les chefs du mouvement continuent d\u2019afficher leur d\u00e9termination.<\/p>\n<p>\u00ab\u00a0La r\u00e9volution continue et notre peuple est victorieux malgr\u00e9 le terrorisme et la violence des milices\u00a0\u00bb, a lanc\u00e9 l\u2019Association des professionnels soudanais (SPA), un acteur majeur du mouvement.<\/p>\n<p>Elle a appel\u00e9 \u00e0 \u00ab\u00a0la gr\u00e8ve ind\u00e9finie et \u00e0 la d\u00e9sob\u00e9issance civile\u00a0\u00bb, tout en mettant en garde contre les appels \u00e0 la violence.<\/p>\n<p>\u00ab\u00a0Notre engagement au pacifisme est plus fort et plus efficace dans cette situation particuli\u00e8re\u00a0\u00bb, a assur\u00e9 la SPA.<\/p>\n<p>L\u2019arme \u00ab\u00a0pacifique\u00a0\u00bb privil\u00e9gi\u00e9e de la contestation est le blocage des routes. Les manifestants ont \u00e9rig\u00e9 des barricades de fortune faites de briques, de pierres, de pneus en flammes\u2026<\/p>\n<p>Destin\u00e9es \u00e0 concr\u00e9tiser la \u00ab\u00a0d\u00e9sob\u00e9issance civile\u00a0\u00bb, elles permettent \u00e9galement aux protestataires de se prot\u00e9ger des RSF, d\u00e9ploy\u00e9es en nombre depuis trois jours.<\/p>\n<p>A Bahri, dans la banlieue nord de Khartoum, les deux rues principales ont \u00e9t\u00e9 ouvertes, mais des manifestants ont coup\u00e9 des petites routes reliant le quartier aux secteurs voisins. Ils avaient auparavant \u00e9rig\u00e9 des barricades en pierre et en tronc d\u2019arbre pour emp\u00eacher tout mouvement.<\/p>\n<p>\u2013 \u00ab\u00a0Mensonges\u00a0\u00bb \u2013<\/p>\n<p>Pour les manifestants, l\u2019identit\u00e9 des auteurs de la r\u00e9pression ne fait pas l\u2019ombre d\u2019un doute: les \u00ab\u00a0milices\u00a0\u00bb du Conseil militaire, en particulier les RSF.<\/p>\n<p>Dans les rues de Khartoum, des habitants affichent un air t\u00e9tanis\u00e9 au passage de ces hommes, souvent jeunes, juch\u00e9s en grand nombre sur des pick-up, en uniforme beige impeccable et lourdement arm\u00e9s.<\/p>\n<p>Issues des anciennes milices arabes Janjawid du Darfour, th\u00e9\u00e2tre d\u2019une longue guerre civile, les RSF ont \u00e9t\u00e9 d\u00e9ploy\u00e9es en masse dans le pays, en particulier dans les rues de Khartoum, devenu au fil des mois l\u2019\u00e9picentre de la contestation.<\/p>\n<p>Le chef des RSF, vice-pr\u00e9sident du Conseil militaire et ancien responsable des Janjawid, le redout\u00e9 Mohamad Hamdan Daglo, surnomm\u00e9 \u00ab\u00a0Hemeidti\u00a0\u00bb, a assur\u00e9 qu\u2019il se tenait aux c\u00f4t\u00e9s des \u00ab\u00a0r\u00e9volutionnaires\u00a0\u00bb. Mais il a aussi jur\u00e9 de ne pas \u00ab\u00a0permettre le chaos\u00a0\u00bb, en r\u00e9f\u00e9rence notamment aux barricades.<\/p>\n<p>Dans un communiqu\u00e9, le Conseil militaire a pris la d\u00e9fense des RSF contre \u00ab\u00a0la campagne organis\u00e9e sur les r\u00e9seaux sociaux destin\u00e9e \u00e0 r\u00e9pandre des mensonges et fabriquer des accusations\u00a0\u00bb.<\/p>\n<p>Facebook et Twitter ont \u00e9t\u00e9 et restent des outils essentiels dans la contestation. Ces derniers jours, les internautes ont partag\u00e9 de nombreuses vid\u00e9os montrant des hommes en uniforme des RSF passant \u00e0 tabac des civils non arm\u00e9s. L\u2019internet mobile a toutefois \u00e9t\u00e9 coup\u00e9 depuis lundi.<\/p>\n<p>Les RSF \u00ab\u00a0ont refus\u00e9 d\u2019ex\u00e9cuter les ordres de l\u2019ancien r\u00e9gime d\u2019expulser les manifestants du sit-in par la force\u00a0\u00bb, a lui assur\u00e9 le Conseil militaire dans un communiqu\u00e9, louant leur \u00ab\u00a0grande sagesse\u00a0\u00bb.<\/p>\n<p>Les g\u00e9n\u00e9raux on \u00e9galement appel\u00e9 les citoyens \u00e0 \u00ab\u00a0s\u2019\u00e9loigner\u00a0\u00bb des sites militaires, sans donner de justification \u00e0 cette injonction.<\/p>\n<p>Auteur: AFP<br \/>\n<a href=\"https:\/\/www.journalducameroun.com\/soudan-les-autorites-cherchent-a-minorer-lampleur-de-la-repression-2\/\">Cliquez ici pour lire l&rsquo;article depuis sa source.<\/a><\/p>\n","protected":false},"excerpt":{"rendered":"<p>Le gouvernement soudanais a cherch\u00e9 jeudi \u00e0 minorer l\u2019ampleur de la r\u00e9pression sanglante des derniers jours contre la contestation, d\u00e9termin\u00e9e de son c\u00f4t\u00e9 \u00e0 poursuivre la lutte \u00ab\u00a0pacifique\u00a0\u00bb contre le pouvoir militaire malgr\u00e9 la peur li\u00e9e \u00e0 l\u2019escalade de la violence. Dans un premier bilan officiel, le minist\u00e8re de la Sant\u00e9 a affirm\u00e9, via l\u2019agence [&hellip;]<\/p>\n","protected":false},"author":1965,"featured_media":0,"comment_status":"closed","ping_status":"closed","sticky":false,"template":"","format":"standard","meta":{"fifu_image_url":"","fifu_image_alt":"","footnotes":""},"categories":[73,82],"tags":[],"class_list":["post-38977","post","type-post","status-publish","format-standard","hentry","category-actualite","category-cameroun"],"_links":{"self":[{"href":"https:\/\/linitiative.ca\/International\/wp-json\/wp\/v2\/posts\/38977","targetHints":{"allow":["GET"]}}],"collection":[{"href":"https:\/\/linitiative.ca\/International\/wp-json\/wp\/v2\/posts"}],"about":[{"href":"https:\/\/linitiative.ca\/International\/wp-json\/wp\/v2\/types\/post"}],"author":[{"embeddable":true,"href":"https:\/\/linitiative.ca\/International\/wp-json\/wp\/v2\/users\/1965"}],"replies":[{"embeddable":true,"href":"https:\/\/linitiative.ca\/International\/wp-json\/wp\/v2\/comments?post=38977"}],"version-history":[{"count":0,"href":"https:\/\/linitiative.ca\/International\/wp-json\/wp\/v2\/posts\/38977\/revisions"}],"wp:attachment":[{"href":"https:\/\/linitiative.ca\/International\/wp-json\/wp\/v2\/media?parent=38977"}],"wp:term":[{"taxonomy":"category","embeddable":true,"href":"https:\/\/linitiative.ca\/International\/wp-json\/wp\/v2\/categories?post=38977"},{"taxonomy":"post_tag","embeddable":true,"href":"https:\/\/linitiative.ca\/International\/wp-json\/wp\/v2\/tags?post=38977"}],"curies":[{"name":"wp","href":"https:\/\/api.w.org\/{rel}","templated":true}]}}