{"id":38978,"date":"2019-06-06T05:00:12","date_gmt":"2019-06-06T09:00:12","guid":{"rendered":"https:\/\/linitiative.ca\/International\/guichet-unique-mobile-770-000-marocains-ditalie-concernes\/"},"modified":"2019-06-06T05:00:12","modified_gmt":"2019-06-06T09:00:12","slug":"guichet-unique-mobile-770-000-marocains-ditalie-concernes","status":"publish","type":"post","link":"https:\/\/linitiative.ca\/International\/guichet-unique-mobile-770-000-marocains-ditalie-concernes\/","title":{"rendered":"Guichet unique mobile : 770.000 Marocains d\u2019Italie concern\u00e9s"},"content":{"rendered":"<p><img decoding=\"async\" class=\"post_layout_5_img\" src=\"http:\/\/aujourdhui.ma\/wp-content\/uploads\/2019\/06\/Guichet-unique-mobile.jpg?x29840\" alt=\"Guichet unique mobile : 770.000 Marocains d\u2019Italie concern\u00e9s\"\/><\/p>\n<p class=\"p1\"><span class=\"c4\"><strong><em>Il y fait escale du 14 au 16 juin<\/em><\/strong><\/span><span id=\"more-312440\"\/><\/p>\n<p class=\"p1\"><span class=\"s1\">Apr\u00e8s l\u2019Espagne, le guichet unique mobile sera d\u00e9ploy\u00e9 pour les Marocains r\u00e9sidant en Italie. En effet, le minist\u00e8re d\u00e9l\u00e9gu\u00e9 aupr\u00e8s du ministre des affaires \u00e9trang\u00e8res, charg\u00e9 des Marocains r\u00e9sidant \u00e0 l\u2019\u00e9tranger et des affaires de la migration y organisera du 14 au 16 juin 2019 la deuxi\u00e8me \u00e9tape du \u00abprogramme du guichet unique mobile au service des Marocains du Monde\u00bb.<\/span><\/p>\n<p class=\"p1\"><span class=\"s1\">Rome, Milan, Turin, Bologne, Naples, V\u00e9rone et Palerme seront les principales villes concern\u00e9es par cette \u00e9tape qui servira pr\u00e8s de 770.000 citoyens et citoyennes d\u2019origine marocaine vivant en Italie.<\/span><\/p>\n<p class=\"p1\"><span class=\"s1\">Cet \u00e9v\u00e8nement tombe \u00e0 point nomm\u00e9 avec le d\u00e9but de la p\u00e9riode estivale qui conna\u00eet le retour massif des MRE pour passer les vacances au Maroc. <em>\u00abCe programme vise l\u2019accompagnement et le suivi de proximit\u00e9 de la situation des Marocains r\u00e9sidant en Italie, la sensibilisation et l\u2019\u00e9change autour de leurs diff\u00e9rentes pr\u00e9occupations sociales, culturelles, \u00e9conomiques et administratives\u00bb,<\/em> explique le minist\u00e8re pr\u00e9cisant qu\u2019il a \u00e9galement pour objectif de vulgariser de nouveaux services mis en place par les d\u00e9partements et les institutions publiques concern\u00e9s par les affaires des MRE.<\/span><\/p>\n<p class=\"p1\"><span class=\"s1\">Pour ce faire, diff\u00e9rentes rencontres sont programm\u00e9es dans le cadre de ce guichet avec la mobilisation d\u2019un ensemble de d\u00e9partements et institutions publics concern\u00e9s par les affaires des Marocains du Monde dont la repr\u00e9sentation diplomatique \u00e0 Rome et les consulats du Royaume du Maroc en Italie, le minist\u00e8re de l\u2019int\u00e9rieur, le minist\u00e8re de la justice, le Conseil sup\u00e9rieur de l\u2019autorit\u00e9 judiciaire, l\u2019Agence nationale de la conservation fonci\u00e8re, du cadastre et de la cartographie, la direction g\u00e9n\u00e9rale des douanes et des imp\u00f4ts indirectes, la direction g\u00e9n\u00e9rale des imp\u00f4ts (DGI), la Caisse nationale de s\u00e9curit\u00e9 sociale (CNSS), ou encore l\u2019Institut royal de la culture amazighe.<\/span><\/p>\n<p class=\"p1\"><span class=\"s1\">Ces rencontres conna\u00eetront la participation des membres de la communaut\u00e9 marocaine et les repr\u00e9sentants des organisations de la soci\u00e9t\u00e9 civile bas\u00e9es en Italie. Cette initiative porte ainsi sur l\u2019\u00e9coute, l\u2019orientation et le conseil des MRE sur les diff\u00e9rentes probl\u00e9matiques auxquelles ils sont confront\u00e9s en Italie. Il s\u2019agit pour la tutelle d\u2019\u00e9tudier les diff\u00e9rents sujets et probl\u00e9matiques abord\u00e9s par les MRE avec les services comp\u00e9tents des secteurs concern\u00e9s durant ces rencontres et de communiquer sur les nouvelles dispositions et proc\u00e9dures administratives et juridiques li\u00e9es aux diff\u00e9rents probl\u00e8mes, objet des requ\u00eates des MRE r\u00e9sidant en Italie. Sans manquer \u00e0 cette occasion de les sensibiliser aux diff\u00e9rents services en relation avec l\u2019op\u00e9ration transit \u00abMarhaba\u00bb et les programmes d\u2019accompagnement pendant la p\u00e9riode estivale.<\/span><\/p>\n<p class=\"p1\"><span class=\"s1\">Pour la tutelle, cette initiative intervient dans le cadre de l\u2019int\u00e9r\u00eat port\u00e9 \u00e0 l\u2019accompagnement administratif et juridique des Marocains r\u00e9sidant \u00e0 l\u2019\u00e9tranger, et au renforcement de la politique de proximit\u00e9 destin\u00e9e \u00e0 r\u00e9pondre favorablement \u00e0 leurs besoins et attentes, et ce \u00e0 la lumi\u00e8re des changements successifs et les mutations profondes qui ont eu lieu dans les pays d\u2019accueil aux niveaux politique, socio-\u00e9conomique, culturel et social.<\/span><\/p>\n<p>Auteur: ALM<br \/>\n<a href=\"http:\/\/aujourdhui.ma\/economie\/guichet-unique-mobile-770-000-marocains-ditalie-concernes\">Cliquez ici pour lire l&rsquo;article depuis sa source.<\/a><\/p>\n","protected":false},"excerpt":{"rendered":"<p>Il y fait escale du 14 au 16 juin Apr\u00e8s l\u2019Espagne, le guichet unique mobile sera d\u00e9ploy\u00e9 pour les Marocains r\u00e9sidant en Italie. En effet, le minist\u00e8re d\u00e9l\u00e9gu\u00e9 aupr\u00e8s du ministre des affaires \u00e9trang\u00e8res, charg\u00e9 des Marocains r\u00e9sidant \u00e0 l\u2019\u00e9tranger et des affaires de la migration y organisera du 14 au 16 juin 2019 la [&hellip;]<\/p>\n","protected":false},"author":1759,"featured_media":0,"comment_status":"closed","ping_status":"closed","sticky":false,"template":"","format":"standard","meta":{"fifu_image_url":"","fifu_image_alt":"","footnotes":""},"categories":[73,54],"tags":[],"class_list":["post-38978","post","type-post","status-publish","format-standard","hentry","category-actualite","category-maroc"],"_links":{"self":[{"href":"https:\/\/linitiative.ca\/International\/wp-json\/wp\/v2\/posts\/38978","targetHints":{"allow":["GET"]}}],"collection":[{"href":"https:\/\/linitiative.ca\/International\/wp-json\/wp\/v2\/posts"}],"about":[{"href":"https:\/\/linitiative.ca\/International\/wp-json\/wp\/v2\/types\/post"}],"author":[{"embeddable":true,"href":"https:\/\/linitiative.ca\/International\/wp-json\/wp\/v2\/users\/1759"}],"replies":[{"embeddable":true,"href":"https:\/\/linitiative.ca\/International\/wp-json\/wp\/v2\/comments?post=38978"}],"version-history":[{"count":0,"href":"https:\/\/linitiative.ca\/International\/wp-json\/wp\/v2\/posts\/38978\/revisions"}],"wp:attachment":[{"href":"https:\/\/linitiative.ca\/International\/wp-json\/wp\/v2\/media?parent=38978"}],"wp:term":[{"taxonomy":"category","embeddable":true,"href":"https:\/\/linitiative.ca\/International\/wp-json\/wp\/v2\/categories?post=38978"},{"taxonomy":"post_tag","embeddable":true,"href":"https:\/\/linitiative.ca\/International\/wp-json\/wp\/v2\/tags?post=38978"}],"curies":[{"name":"wp","href":"https:\/\/api.w.org\/{rel}","templated":true}]}}