{"id":38979,"date":"2019-06-05T19:46:08","date_gmt":"2019-06-05T23:46:08","guid":{"rendered":"https:\/\/linitiative.ca\/International\/municipales-partielles-dates-du-depot-des-candidatures-pour-le-sers-laayoun-et-thibar\/"},"modified":"2019-06-05T19:46:08","modified_gmt":"2019-06-05T23:46:08","slug":"municipales-partielles-dates-du-depot-des-candidatures-pour-le-sers-laayoun-et-thibar","status":"publish","type":"post","link":"https:\/\/linitiative.ca\/International\/municipales-partielles-dates-du-depot-des-candidatures-pour-le-sers-laayoun-et-thibar\/","title":{"rendered":"Municipales partielles :  Dates du d\u00e9p\u00f4t des candidatures pour le Sers, Laayoun et Thibar"},"content":{"rendered":"<p>Le d\u00e9p\u00f4t des candidatures pour les \u00e9lections municipales partielles aux municipalit\u00e9s de Sers, Laayoun et Thibar, pr\u00e9vues les 17 et 18 ao\u00fbt 2019, sera ouvert du 7 au 13 juin courant, lit-on dans un communiqu\u00e9 publi\u00e9, lundi, par l\u2019Instance Sup\u00e9rieure Ind\u00e9pendantes pour les Elections (ISIE).<\/p>\n<div>Les candidats sont invit\u00e9s \u00e0 d\u00e9poser leurs dossiers dans les bureaux des Instances R\u00e9gionales Ind\u00e9pendantes pour les Elections (IRIE). L\u2019ISIE a publi\u00e9 sur son site \u00e9lectronique les textes juridiques en vigueur, le guide relatif \u00e0 la proc\u00e9dure de candidature et tous les documents sur les demandes de candidature.<\/div>\n<p class=\"dpsp-share-text\">Partager c&rsquo;est aimer!<\/p>\n<div class=\"wp-post-author-wrap wp-post-author-shortcode left\">\n<h3 class=\"awpa-title\"\/>\n<div class=\"wp-post-author\">\n<div class=\"awpa-img awpa-author-block square\"><a href=\"http:\/\/lexpertjournal.net\/fr\/author\/expert\/\"><img loading=\"lazy\" decoding=\"async\" alt=\"\" src=\"http:\/\/2.gravatar.com\/avatar\/56d99be2a6f97af88ccb49fada637fcd?s=150&#038;d=mm&#038;r=g\" srcset=\"http:\/\/2.gravatar.com\/avatar\/56d99be2a6f97af88ccb49fada637fcd?s=300&#038;d=mm&#038;r=g 2x\" class=\"avatar avatar-150 photo\" height=\"150\" width=\"150\"\/><\/a><\/div>\n<\/div>\n<\/div>\n<p>Auteur: L&rsquo;expert<br \/>\n<a href=\"http:\/\/lexpertjournal.net\/fr\/2019\/06\/06\/municipales-partielles-dates-du-depot-des-candidatures-pour-le-sers-laayoun-et-thibar\/\">Cliquez ici pour lire l&rsquo;article depuis sa source.<\/a><\/p>\n","protected":false},"excerpt":{"rendered":"<p>Le d\u00e9p\u00f4t des candidatures pour les \u00e9lections municipales partielles aux municipalit\u00e9s de Sers, Laayoun et Thibar, pr\u00e9vues les 17 et 18 ao\u00fbt 2019, sera ouvert du 7 au 13 juin courant, lit-on dans un communiqu\u00e9 publi\u00e9, lundi, par l\u2019Instance Sup\u00e9rieure Ind\u00e9pendantes pour les Elections (ISIE). Les candidats sont invit\u00e9s \u00e0 d\u00e9poser leurs dossiers dans les [&hellip;]<\/p>\n","protected":false},"author":1775,"featured_media":0,"comment_status":"closed","ping_status":"closed","sticky":false,"template":"","format":"standard","meta":{"fifu_image_url":"","fifu_image_alt":"","footnotes":""},"categories":[78,55],"tags":[],"class_list":["post-38979","post","type-post","status-publish","format-standard","hentry","category-economie","category-tunisie"],"_links":{"self":[{"href":"https:\/\/linitiative.ca\/International\/wp-json\/wp\/v2\/posts\/38979","targetHints":{"allow":["GET"]}}],"collection":[{"href":"https:\/\/linitiative.ca\/International\/wp-json\/wp\/v2\/posts"}],"about":[{"href":"https:\/\/linitiative.ca\/International\/wp-json\/wp\/v2\/types\/post"}],"author":[{"embeddable":true,"href":"https:\/\/linitiative.ca\/International\/wp-json\/wp\/v2\/users\/1775"}],"replies":[{"embeddable":true,"href":"https:\/\/linitiative.ca\/International\/wp-json\/wp\/v2\/comments?post=38979"}],"version-history":[{"count":0,"href":"https:\/\/linitiative.ca\/International\/wp-json\/wp\/v2\/posts\/38979\/revisions"}],"wp:attachment":[{"href":"https:\/\/linitiative.ca\/International\/wp-json\/wp\/v2\/media?parent=38979"}],"wp:term":[{"taxonomy":"category","embeddable":true,"href":"https:\/\/linitiative.ca\/International\/wp-json\/wp\/v2\/categories?post=38979"},{"taxonomy":"post_tag","embeddable":true,"href":"https:\/\/linitiative.ca\/International\/wp-json\/wp\/v2\/tags?post=38979"}],"curies":[{"name":"wp","href":"https:\/\/api.w.org\/{rel}","templated":true}]}}