{"id":38980,"date":"2019-06-06T04:01:53","date_gmt":"2019-06-06T08:01:53","guid":{"rendered":"https:\/\/linitiative.ca\/International\/cr-belouizdad-bechou-et-djerrar-operationnels\/"},"modified":"2019-06-06T04:01:53","modified_gmt":"2019-06-06T08:01:53","slug":"cr-belouizdad-bechou-et-djerrar-operationnels","status":"publish","type":"post","link":"https:\/\/linitiative.ca\/International\/cr-belouizdad-bechou-et-djerrar-operationnels\/","title":{"rendered":"CR Belouizdad : Bechou et Djerrar op\u00e9rationnels"},"content":{"rendered":"<h4 class=\"title-14\"\/>\n<p class=\"p4\"><span class=\"s3\"><strong>L<\/strong><\/span><span class=\"s4\">e CR Belouizdad a repris la pr\u00e9paration pour la finale de la coupe d\u2019Alg\u00e9rie, avant-hier.<\/span><\/p>\n<p class=\"p4\"><span class=\"s4\">Le groupe, qui a effectu\u00e9 trois s\u00e9ances d\u2019entra\u00eenement au stade du 5 Juillet, histoire de s\u2019adapter \u00e0 la pelouse naturelle, a eu droit \u00e0 deux jours de repos avant d\u2019entamer la derni\u00e8re ligne droite, par une mise au vert \u00e0 l\u2019h\u00f4tel Za\u00efm de Blida.<\/span><\/p>\n<p class=\"p4\"><span class=\"s4\">Aujourd\u2019hui, le onze belouizdadi effectuera une s\u00e9ance d\u2019adaptation au stade Mustapha Tchaker \u00e0 l\u2019heure de la finale (17h). Le groupe est au grand complet avec le retour de blessure de Bechou et Djerrar, qui ont \u00e9t\u00e9 m\u00e9nag\u00e9s lors des derni\u00e8res s\u00e9ances.<\/span><\/p>\n<p class=\"p4\"><span class=\"s4\">Selon une source proche du staff technique, l\u2019attaquant nig\u00e9rien, Soumana Camara, pourrait \u00eatre dans le groupe des convoqu\u00e9s pour la finale. Le joueur, qui s\u2019\u00e9tait bless\u00e9 au match aller de la demi-finale face au CSC, a rejoint le groupe dimanche, mais il doit attendre la fin de la semaine pour permettre au staff technique et m\u00e9dical d\u2019\u00eatre fix\u00e9s sur sa participation ou non \u00e0 la finale. <\/span><\/p>\n<p><span class=\"post-views-label\">Post Views:<\/span> <span class=\"post-views-count\">11<\/span><\/p>\n<p>Auteur: Anis Khecheba<br \/>\n<a href=\"https:\/\/www.elwatan.com\/edition\/sports\/cr-belouizdad-bechou-et-djerrar-operationnels-06-06-2019\">Cliquez ici pour lire l&rsquo;article depuis sa source.<\/a><\/p>\n","protected":false},"excerpt":{"rendered":"<p>Le CR Belouizdad a repris la pr\u00e9paration pour la finale de la coupe d\u2019Alg\u00e9rie, avant-hier. Le groupe, qui a effectu\u00e9 trois s\u00e9ances d\u2019entra\u00eenement au stade du 5 Juillet, histoire de s\u2019adapter \u00e0 la pelouse naturelle, a eu droit \u00e0 deux jours de repos avant d\u2019entamer la derni\u00e8re ligne droite, par une mise au vert \u00e0 [&hellip;]<\/p>\n","protected":false},"author":1743,"featured_media":0,"comment_status":"closed","ping_status":"closed","sticky":false,"template":"","format":"standard","meta":{"fifu_image_url":"","fifu_image_alt":"","footnotes":""},"categories":[73,53],"tags":[],"class_list":["post-38980","post","type-post","status-publish","format-standard","hentry","category-actualite","category-algerie"],"_links":{"self":[{"href":"https:\/\/linitiative.ca\/International\/wp-json\/wp\/v2\/posts\/38980","targetHints":{"allow":["GET"]}}],"collection":[{"href":"https:\/\/linitiative.ca\/International\/wp-json\/wp\/v2\/posts"}],"about":[{"href":"https:\/\/linitiative.ca\/International\/wp-json\/wp\/v2\/types\/post"}],"author":[{"embeddable":true,"href":"https:\/\/linitiative.ca\/International\/wp-json\/wp\/v2\/users\/1743"}],"replies":[{"embeddable":true,"href":"https:\/\/linitiative.ca\/International\/wp-json\/wp\/v2\/comments?post=38980"}],"version-history":[{"count":0,"href":"https:\/\/linitiative.ca\/International\/wp-json\/wp\/v2\/posts\/38980\/revisions"}],"wp:attachment":[{"href":"https:\/\/linitiative.ca\/International\/wp-json\/wp\/v2\/media?parent=38980"}],"wp:term":[{"taxonomy":"category","embeddable":true,"href":"https:\/\/linitiative.ca\/International\/wp-json\/wp\/v2\/categories?post=38980"},{"taxonomy":"post_tag","embeddable":true,"href":"https:\/\/linitiative.ca\/International\/wp-json\/wp\/v2\/tags?post=38980"}],"curies":[{"name":"wp","href":"https:\/\/api.w.org\/{rel}","templated":true}]}}