{"id":38981,"date":"2019-06-06T05:01:55","date_gmt":"2019-06-06T09:01:55","guid":{"rendered":"https:\/\/linitiative.ca\/International\/desert-design-exposition-au-musee-yves-saint-laurent-de-marrakech\/"},"modified":"2019-06-06T05:01:55","modified_gmt":"2019-06-06T09:01:55","slug":"desert-design-exposition-au-musee-yves-saint-laurent-de-marrakech","status":"publish","type":"post","link":"https:\/\/linitiative.ca\/International\/desert-design-exposition-au-musee-yves-saint-laurent-de-marrakech\/","title":{"rendered":"\u00abDesert Design\u00bb exposition au Mus\u00e9e Yves Saint Laurent de Marrakech"},"content":{"rendered":"<header>\n<\/header>\n<div class=\"entry-content clearfix\" readability=\"42\"><img decoding=\"async\" class=\"post_layout_5_img\" src=\"http:\/\/aujourdhui.ma\/wp-content\/uploads\/2019\/06\/Desert-Design-exposition-au-Muse%CC%81e-Yves-Saint-Laurent-de-Marrakech-.jpg?x29840\" alt=\"\u00abDesert Design\u00bb exposition au Mus\u00e9e Yves Saint Laurent de Marrakech\"\/><\/p>\n<p class=\"p1\"><span class=\"s1\"><span class=\"c4\"><strong>Du 16 juin au 8 octobre, le Mus\u00e9e Yves Saint Laurent de Marrakech accueillera une exposition temporaire intitul\u00e9e \u00abDesert Design\u00bb.<\/strong><\/span><\/span><span id=\"more-312388\"\/><\/p>\n<p class=\"p1\"><span class=\"s1\">Celle-ci met \u00e0 l\u2019honneur l\u2019incroyable talent des tisseuses berb\u00e8res. Cette exposition pr\u00e9sente une trentaine de tapis contemporains tiss\u00e9s par les A\u00eft Khebbach, tribu qui se d\u00e9ploie aux confins du sud-est marocain, aux portes du Sahara. Le r\u00e9emploi des mati\u00e8res, la vivacit\u00e9 des couleurs comme la modernit\u00e9 des motifs t\u00e9moignent de la cr\u00e9ativit\u00e9 remarquable des tisseuses berb\u00e8res qui contraste avec l\u2019environnement aust\u00e8re et minimal dans lequel elles \u00e9voluent.<\/span><\/p>\n<\/div>\n<p>Auteur: ALM<br \/>\n<a href=\"http:\/\/aujourdhui.ma\/culture\/desert-design-exposition-au-musee-yves-saint-laurent-de-marrakech\">Cliquez ici pour lire l&rsquo;article depuis sa source.<\/a><\/p>\n","protected":false},"excerpt":{"rendered":"<p>Du 16 juin au 8 octobre, le Mus\u00e9e Yves Saint Laurent de Marrakech accueillera une exposition temporaire intitul\u00e9e \u00abDesert Design\u00bb. Celle-ci met \u00e0 l\u2019honneur l\u2019incroyable talent des tisseuses berb\u00e8res. Cette exposition pr\u00e9sente une trentaine de tapis contemporains tiss\u00e9s par les A\u00eft Khebbach, tribu qui se d\u00e9ploie aux confins du sud-est marocain, aux portes du Sahara. [&hellip;]<\/p>\n","protected":false},"author":1759,"featured_media":0,"comment_status":"closed","ping_status":"closed","sticky":false,"template":"","format":"standard","meta":{"fifu_image_url":"","fifu_image_alt":"","footnotes":""},"categories":[73,54],"tags":[],"class_list":["post-38981","post","type-post","status-publish","format-standard","hentry","category-actualite","category-maroc"],"_links":{"self":[{"href":"https:\/\/linitiative.ca\/International\/wp-json\/wp\/v2\/posts\/38981","targetHints":{"allow":["GET"]}}],"collection":[{"href":"https:\/\/linitiative.ca\/International\/wp-json\/wp\/v2\/posts"}],"about":[{"href":"https:\/\/linitiative.ca\/International\/wp-json\/wp\/v2\/types\/post"}],"author":[{"embeddable":true,"href":"https:\/\/linitiative.ca\/International\/wp-json\/wp\/v2\/users\/1759"}],"replies":[{"embeddable":true,"href":"https:\/\/linitiative.ca\/International\/wp-json\/wp\/v2\/comments?post=38981"}],"version-history":[{"count":0,"href":"https:\/\/linitiative.ca\/International\/wp-json\/wp\/v2\/posts\/38981\/revisions"}],"wp:attachment":[{"href":"https:\/\/linitiative.ca\/International\/wp-json\/wp\/v2\/media?parent=38981"}],"wp:term":[{"taxonomy":"category","embeddable":true,"href":"https:\/\/linitiative.ca\/International\/wp-json\/wp\/v2\/categories?post=38981"},{"taxonomy":"post_tag","embeddable":true,"href":"https:\/\/linitiative.ca\/International\/wp-json\/wp\/v2\/tags?post=38981"}],"curies":[{"name":"wp","href":"https:\/\/api.w.org\/{rel}","templated":true}]}}