{"id":38983,"date":"2019-06-06T06:50:08","date_gmt":"2019-06-06T10:50:08","guid":{"rendered":"https:\/\/linitiative.ca\/International\/egypte-14-jihadistes-presumes-tues-au-sinai-au-lendemain-dun-attentat\/"},"modified":"2019-06-06T06:50:08","modified_gmt":"2019-06-06T10:50:08","slug":"egypte-14-jihadistes-presumes-tues-au-sinai-au-lendemain-dun-attentat","status":"publish","type":"post","link":"https:\/\/linitiative.ca\/International\/egypte-14-jihadistes-presumes-tues-au-sinai-au-lendemain-dun-attentat\/","title":{"rendered":"Egypte: 14 jihadistes pr\u00e9sum\u00e9s tu\u00e9s au Sina\u00ef au lendemain d\u2019un attentat"},"content":{"rendered":"<div readability=\"32\">\n<p>Publi\u00e9 le 06.06.2019 \u00e0 11h50 par AFP<\/p>\n<\/div>\n<div readability=\"77\">\n<p>Quatorze jihadistes pr\u00e9sum\u00e9s ont \u00e9t\u00e9 tu\u00e9s lors d\u2019op\u00e9rations des forces de s\u00e9curit\u00e9 dans la p\u00e9ninsule du Sina\u00ef, au lendemain d\u2019un attentat qui a co\u00fbt\u00e9 la vie \u00e0 huit policiers, a annonc\u00e9 jeudi le minist\u00e8re \u00e9gyptien de l\u2019Int\u00e9rieur.<\/p>\n<p>L\u2019attentat, revendiqu\u00e9 par le groupe Etat islamique (EI), a vis\u00e9 un barrage de la police \u00e0 l\u2019ouest d\u2019Al-Arich, chef-lieu du Nord-Sina\u00ef, dans le nord-est de l\u2019Egypte. Il s\u2019est produit au d\u00e9but de la f\u00eate musulmane du Fitr, marquant la fin du mois de je\u00fbne du ramadan.<\/p>\n<p>Cinq \u00ab\u00a0terroristes\u00a0\u00bb ont \u00e9t\u00e9 tu\u00e9s et certains ont pris la fuite, ont indiqu\u00e9 mercredi les autorit\u00e9s.<\/p>\n<p>Dans son communiqu\u00e9 jeudi, le minist\u00e8re de l\u2019Int\u00e9rieur a affirm\u00e9 que \u00ab\u00a0la chasse aux assaillants en fuite a conduit \u00e0 une cache que les forces de s\u00e9curit\u00e9 ont encercl\u00e9e avant de lancer l\u2019assaut, tuant 14 extr\u00e9mistes\u00a0\u00bb.<\/p>\n<p>Les forces de s\u00e9curit\u00e9 ont \u00e9galement d\u00e9couvert 14 armes \u00e0 feu, trois engins explosifs et deux ceintures d\u2019explosifs en leur possession, a ajout\u00e9 le minist\u00e8re de l\u2019Int\u00e9rieur, qui a \u00e9galement diffus\u00e9 des images des jihadistes pr\u00e9sum\u00e9s tu\u00e9s gisant dans des flaques de sang.<\/p>\n<p>Active dans le Nord-Sina\u00ef, la branche locale de l\u2019EI est pass\u00e9e d\u2019attaques sporadiques \u00e0 une v\u00e9ritable insurrection apr\u00e8s la destitution par l\u2019arm\u00e9e du pr\u00e9sident islamiste Mohamed Morsi en 2013.<\/p>\n<p>Depuis, des centaines de soldats et policiers ont \u00e9t\u00e9 tu\u00e9s dans des attaques attribu\u00e9es au groupe jihadiste.<\/p>\n<p>L\u2019arm\u00e9e \u00e9gyptienne a lanc\u00e9 en f\u00e9vrier 2018 une vaste op\u00e9ration \u00ab\u00a0antiterroriste\u00a0\u00bb dans le Nord-Sina\u00ef. Environ 650 jihadistes pr\u00e9sum\u00e9s ont \u00e9t\u00e9 tu\u00e9s, ainsi que pr\u00e8s d\u2019une cinquantaine de militaires \u00e9gyptiens depuis le d\u00e9but de l\u2019op\u00e9ration, selon les chiffres officiels.<\/p>\n<\/div>\n<p>Auteur: AFP<br \/>\n<a href=\"https:\/\/www.journalducameroun.com\/egypte-14-jihadistes-presumes-tues-au-sinai-au-lendemain-dun-attentat\/\">Cliquez ici pour lire l&rsquo;article depuis sa source.<\/a><\/p>\n","protected":false},"excerpt":{"rendered":"<p>Publi\u00e9 le 06.06.2019 \u00e0 11h50 par AFP Quatorze jihadistes pr\u00e9sum\u00e9s ont \u00e9t\u00e9 tu\u00e9s lors d\u2019op\u00e9rations des forces de s\u00e9curit\u00e9 dans la p\u00e9ninsule du Sina\u00ef, au lendemain d\u2019un attentat qui a co\u00fbt\u00e9 la vie \u00e0 huit policiers, a annonc\u00e9 jeudi le minist\u00e8re \u00e9gyptien de l\u2019Int\u00e9rieur. L\u2019attentat, revendiqu\u00e9 par le groupe Etat islamique (EI), a vis\u00e9 un [&hellip;]<\/p>\n","protected":false},"author":1965,"featured_media":0,"comment_status":"closed","ping_status":"closed","sticky":false,"template":"","format":"standard","meta":{"fifu_image_url":"","fifu_image_alt":"","footnotes":""},"categories":[73,82],"tags":[],"class_list":["post-38983","post","type-post","status-publish","format-standard","hentry","category-actualite","category-cameroun"],"_links":{"self":[{"href":"https:\/\/linitiative.ca\/International\/wp-json\/wp\/v2\/posts\/38983","targetHints":{"allow":["GET"]}}],"collection":[{"href":"https:\/\/linitiative.ca\/International\/wp-json\/wp\/v2\/posts"}],"about":[{"href":"https:\/\/linitiative.ca\/International\/wp-json\/wp\/v2\/types\/post"}],"author":[{"embeddable":true,"href":"https:\/\/linitiative.ca\/International\/wp-json\/wp\/v2\/users\/1965"}],"replies":[{"embeddable":true,"href":"https:\/\/linitiative.ca\/International\/wp-json\/wp\/v2\/comments?post=38983"}],"version-history":[{"count":0,"href":"https:\/\/linitiative.ca\/International\/wp-json\/wp\/v2\/posts\/38983\/revisions"}],"wp:attachment":[{"href":"https:\/\/linitiative.ca\/International\/wp-json\/wp\/v2\/media?parent=38983"}],"wp:term":[{"taxonomy":"category","embeddable":true,"href":"https:\/\/linitiative.ca\/International\/wp-json\/wp\/v2\/categories?post=38983"},{"taxonomy":"post_tag","embeddable":true,"href":"https:\/\/linitiative.ca\/International\/wp-json\/wp\/v2\/tags?post=38983"}],"curies":[{"name":"wp","href":"https:\/\/api.w.org\/{rel}","templated":true}]}}