{"id":38986,"date":"2019-06-06T05:03:58","date_gmt":"2019-06-06T09:03:58","guid":{"rendered":"https:\/\/linitiative.ca\/International\/luniversite-euromed-celebre-les-laureats-de-ses-masters\/"},"modified":"2019-06-06T05:03:58","modified_gmt":"2019-06-06T09:03:58","slug":"luniversite-euromed-celebre-les-laureats-de-ses-masters","status":"publish","type":"post","link":"https:\/\/linitiative.ca\/International\/luniversite-euromed-celebre-les-laureats-de-ses-masters\/","title":{"rendered":"L\u2019universit\u00e9 Euromed c\u00e9l\u00e8bre les laur\u00e9ats de ses masters"},"content":{"rendered":"<header>\n<\/header>\n<div class=\"entry-content clearfix\" readability=\"47\"><img decoding=\"async\" class=\"post_layout_5_img\" src=\"http:\/\/aujourdhui.ma\/wp-content\/uploads\/2018\/10\/Universite%CC%81-Euromed-de-Fe%CC%80s-1.jpg?x29840\" alt=\"L\u2019universit\u00e9 Euromed c\u00e9l\u00e8bre les laur\u00e9ats de ses masters\"\/><\/p>\n<p class=\"p1\"><span class=\"c4\"><strong>Trois promotions de master seront c\u00e9l\u00e9br\u00e9es le 14 juin par l\u2019Universit\u00e9 Euromed. L\u2019\u00e9tablissement r\u00e9compensera pour la premi\u00e8re fois les laur\u00e9ats des masters \u00ab\u00e9nergies renouvelables et efficacit\u00e9 \u00e9nerg\u00e9tique\u00bb, \u00abg\u00e9nie environnemental et gestion de l\u2019eau\u00bb et \u00abgestion et valorisation du patrimoine touristique eurom\u00e9diterran\u00e9en\u00bb.<\/strong><\/span><span id=\"more-312455\"\/><\/p>\n<p class=\"p1\">Les professeurs de l\u2019universit\u00e9, promus de grade \u00e0 grade, sont \u00e9galement \u00e0 l\u2019honneur. Une attestation de promotion leur sera d\u00e9livr\u00e9e \u00e0 cette occasion et, \u00e0 travers eux, un hommage est rendu \u00e0 l\u2019ensemble du corps professoral de l\u2019universit\u00e9, pour les efforts consentis cinq ans durant, tant dans la formation que dans l\u2019encadrement et la recherche.<\/p>\n<\/div>\n<p>Auteur: ALM<br \/>\n<a href=\"http:\/\/aujourdhui.ma\/emploi\/formation\/luniversite-euromed-celebre-les-laureats-de-ses-masters\">Cliquez ici pour lire l&rsquo;article depuis sa source.<\/a><\/p>\n","protected":false},"excerpt":{"rendered":"<p>Trois promotions de master seront c\u00e9l\u00e9br\u00e9es le 14 juin par l\u2019Universit\u00e9 Euromed. L\u2019\u00e9tablissement r\u00e9compensera pour la premi\u00e8re fois les laur\u00e9ats des masters \u00ab\u00e9nergies renouvelables et efficacit\u00e9 \u00e9nerg\u00e9tique\u00bb, \u00abg\u00e9nie environnemental et gestion de l\u2019eau\u00bb et \u00abgestion et valorisation du patrimoine touristique eurom\u00e9diterran\u00e9en\u00bb. Les professeurs de l\u2019universit\u00e9, promus de grade \u00e0 grade, sont \u00e9galement \u00e0 l\u2019honneur. Une [&hellip;]<\/p>\n","protected":false},"author":1759,"featured_media":0,"comment_status":"closed","ping_status":"closed","sticky":false,"template":"","format":"standard","meta":{"fifu_image_url":"","fifu_image_alt":"","footnotes":""},"categories":[73,54],"tags":[],"class_list":["post-38986","post","type-post","status-publish","format-standard","hentry","category-actualite","category-maroc"],"_links":{"self":[{"href":"https:\/\/linitiative.ca\/International\/wp-json\/wp\/v2\/posts\/38986","targetHints":{"allow":["GET"]}}],"collection":[{"href":"https:\/\/linitiative.ca\/International\/wp-json\/wp\/v2\/posts"}],"about":[{"href":"https:\/\/linitiative.ca\/International\/wp-json\/wp\/v2\/types\/post"}],"author":[{"embeddable":true,"href":"https:\/\/linitiative.ca\/International\/wp-json\/wp\/v2\/users\/1759"}],"replies":[{"embeddable":true,"href":"https:\/\/linitiative.ca\/International\/wp-json\/wp\/v2\/comments?post=38986"}],"version-history":[{"count":0,"href":"https:\/\/linitiative.ca\/International\/wp-json\/wp\/v2\/posts\/38986\/revisions"}],"wp:attachment":[{"href":"https:\/\/linitiative.ca\/International\/wp-json\/wp\/v2\/media?parent=38986"}],"wp:term":[{"taxonomy":"category","embeddable":true,"href":"https:\/\/linitiative.ca\/International\/wp-json\/wp\/v2\/categories?post=38986"},{"taxonomy":"post_tag","embeddable":true,"href":"https:\/\/linitiative.ca\/International\/wp-json\/wp\/v2\/tags?post=38986"}],"curies":[{"name":"wp","href":"https:\/\/api.w.org\/{rel}","templated":true}]}}