{"id":38988,"date":"2019-06-05T19:50:50","date_gmt":"2019-06-05T23:50:50","guid":{"rendered":"https:\/\/linitiative.ca\/International\/mondial-des-clubs-de-football-le-qatar-accueille-les-editions-2019-et-2020\/"},"modified":"2019-06-05T19:50:50","modified_gmt":"2019-06-05T23:50:50","slug":"mondial-des-clubs-de-football-le-qatar-accueille-les-editions-2019-et-2020","status":"publish","type":"post","link":"https:\/\/linitiative.ca\/International\/mondial-des-clubs-de-football-le-qatar-accueille-les-editions-2019-et-2020\/","title":{"rendered":"Mondial des clubs de football :  Le Qatar accueille les \u00e9ditions 2019 et 2020"},"content":{"rendered":"<p>Le conseil de la F\u00e9d\u00e9ration internationale de football association (FIFA), r\u00e9uni lundi, dans la capitale fran\u00e7aise Paris, a d\u00e9cid\u00e9 d\u2019accorder au Qatar le droit d\u2019organiser les deux prochaines \u00e9ditions de la coupe du monde des clubs, pr\u00e9vues en 2019 et 2020.<\/p>\n<div>L\u2019organisation par le Qatar de la coupe du monde des clubs deux ann\u00e9es de suite s\u2019inscrit dans le cadre des pr\u00e9paratifs amorc\u00e9s par le pays en pr\u00e9vision de la coupe du monde 2022.A noter que la coupe du monde des clubs \u00e9ditions 2019 et 2020 se tiendra en d\u00e9cembre avec la participation de 7 clubs en plus du repr\u00e9sentant du pays h\u00f4te.La comp\u00e9tition devrait changer de formule pour se tenir \u00e0 l\u2019avenir tous les quatre ans avec la participation de 24 \u00e9quipes.<\/div>\n<p class=\"dpsp-share-text\">Partager c&rsquo;est aimer!<\/p>\n<div class=\"wp-post-author-wrap wp-post-author-shortcode left\">\n<h3 class=\"awpa-title\"\/>\n<div class=\"wp-post-author\">\n<div class=\"awpa-img awpa-author-block square\"><a href=\"http:\/\/lexpertjournal.net\/fr\/author\/expert\/\"><img loading=\"lazy\" decoding=\"async\" alt=\"\" src=\"http:\/\/2.gravatar.com\/avatar\/56d99be2a6f97af88ccb49fada637fcd?s=150&#038;d=mm&#038;r=g\" srcset=\"http:\/\/2.gravatar.com\/avatar\/56d99be2a6f97af88ccb49fada637fcd?s=300&#038;d=mm&#038;r=g 2x\" class=\"avatar avatar-150 photo\" height=\"150\" width=\"150\"\/><\/a><\/div>\n<\/div>\n<\/div>\n<p>Auteur: L&rsquo;expert<br \/>\n<a href=\"http:\/\/lexpertjournal.net\/fr\/2019\/06\/06\/mondial-des-clubs-de-football-le-qatar-accueille-les-editions-2019-et-2020\/\">Cliquez ici pour lire l&rsquo;article depuis sa source.<\/a><\/p>\n","protected":false},"excerpt":{"rendered":"<p>Le conseil de la F\u00e9d\u00e9ration internationale de football association (FIFA), r\u00e9uni lundi, dans la capitale fran\u00e7aise Paris, a d\u00e9cid\u00e9 d\u2019accorder au Qatar le droit d\u2019organiser les deux prochaines \u00e9ditions de la coupe du monde des clubs, pr\u00e9vues en 2019 et 2020. L\u2019organisation par le Qatar de la coupe du monde des clubs deux ann\u00e9es de [&hellip;]<\/p>\n","protected":false},"author":1775,"featured_media":0,"comment_status":"closed","ping_status":"closed","sticky":false,"template":"","format":"standard","meta":{"fifu_image_url":"","fifu_image_alt":"","footnotes":""},"categories":[78,55],"tags":[],"class_list":["post-38988","post","type-post","status-publish","format-standard","hentry","category-economie","category-tunisie"],"_links":{"self":[{"href":"https:\/\/linitiative.ca\/International\/wp-json\/wp\/v2\/posts\/38988","targetHints":{"allow":["GET"]}}],"collection":[{"href":"https:\/\/linitiative.ca\/International\/wp-json\/wp\/v2\/posts"}],"about":[{"href":"https:\/\/linitiative.ca\/International\/wp-json\/wp\/v2\/types\/post"}],"author":[{"embeddable":true,"href":"https:\/\/linitiative.ca\/International\/wp-json\/wp\/v2\/users\/1775"}],"replies":[{"embeddable":true,"href":"https:\/\/linitiative.ca\/International\/wp-json\/wp\/v2\/comments?post=38988"}],"version-history":[{"count":0,"href":"https:\/\/linitiative.ca\/International\/wp-json\/wp\/v2\/posts\/38988\/revisions"}],"wp:attachment":[{"href":"https:\/\/linitiative.ca\/International\/wp-json\/wp\/v2\/media?parent=38988"}],"wp:term":[{"taxonomy":"category","embeddable":true,"href":"https:\/\/linitiative.ca\/International\/wp-json\/wp\/v2\/categories?post=38988"},{"taxonomy":"post_tag","embeddable":true,"href":"https:\/\/linitiative.ca\/International\/wp-json\/wp\/v2\/tags?post=38988"}],"curies":[{"name":"wp","href":"https:\/\/api.w.org\/{rel}","templated":true}]}}