{"id":38991,"date":"2019-06-06T05:05:18","date_gmt":"2019-06-06T09:05:18","guid":{"rendered":"https:\/\/linitiative.ca\/International\/sur-le-fil-de-zineb-bennis-a-so-art-gallery-de-casablanca\/"},"modified":"2019-06-06T05:05:18","modified_gmt":"2019-06-06T09:05:18","slug":"sur-le-fil-de-zineb-bennis-a-so-art-gallery-de-casablanca","status":"publish","type":"post","link":"https:\/\/linitiative.ca\/International\/sur-le-fil-de-zineb-bennis-a-so-art-gallery-de-casablanca\/","title":{"rendered":"\u00abSur le fil\u00bb de Zineb Bennis  \u00e0 So Art Gallery de Casablanca"},"content":{"rendered":"<p><img decoding=\"async\" class=\"post_layout_5_img\" src=\"http:\/\/aujourdhui.ma\/wp-content\/uploads\/2019\/06\/Zineb-Bennis.jpg?x29840\" alt=\"\u00abSur le fil\u00bb de Zineb Bennis \u00e0 So Art Gallery de Casablanca\"\/><\/p>\n<p class=\"p1\"><span class=\"c4\"><strong><span class=\"s1\">L\u2019artiste-peintre marocaine, Zineb Bennis, exposera ses \u0153uvres, du 12 juin au 12 juillet \u00e0 Casablanca, dans le cadre de l\u2019exposition \u00abSur le fil\u00bb, mettant en relief de grands portraits satur\u00e9s, majoritairement f\u00e9minins.<\/span><\/strong><\/span><span id=\"more-312401\"\/><\/p>\n<p class=\"p1\"><span class=\"s1\">Cette exposition, qui se tiendra \u00e0 la galerie So Art Gallery, mettra en avant une esth\u00e9tique a\u00e9rienne et \u00e9vanescente, fruit d\u2019une phase difficile de transition v\u00e9cue par cette jeune artiste dont les cr\u00e9ations sont le reflet de conversations int\u00e9rieures, indique la galerie. \u00abSur le fil\u00bb est une exposition singuli\u00e8re qui se d\u00e9ploie \u00e0 travers des canevas pour donner vie \u00e0 de grands portraits satur\u00e9s, d\u00e9livrant des regards et des expressions faciales. Ces portraits, r\u00e9v\u00e9lateurs d\u2019\u00e9motions, sont particuli\u00e8rement inspir\u00e9s par des visages f\u00e9minins.<\/span><\/p>\n<p class=\"p1\"><span class=\"s1\">L\u2019artiste, qui travaille sur des toiles qu\u2019elle aiguise \u00e0 travers le jet d\u2019encre, sans m\u00eame les toucher, utilise une technique contemporaine libre dite \u00abDrip Painting\u00bb et y exprime des \u00e9motions, des expressions, des visages des corps, en monochrome afin d\u2019apporter une notion de profondeur \u00e0 ses travaux, dont le rendu oscille entre figuration narrative et abstraction lyrique.<\/span><\/p>\n<p class=\"p1\"><span class=\"s1\">Elle utilise la peinture tout en libert\u00e9, faisant du corps et du visage des sources de sensation et d\u2019\u00e9motions brutes pour aller au-del\u00e0 des codes. M\u00e9langeant m\u00e9lancolie, honn\u00eatet\u00e9, r\u00e9alit\u00e9 ou fantasmes, son projet a pour unique objectif de transcrire et partager une r\u00e9alit\u00e9 perdue, celle des mots que l\u2019on ne dit plus.<span class=\"Apple-converted-space\">\u00a0<\/span> Peintre autodidacte, cette jeune artiste affine ses techniques au fil du temps et reste dans la recherche de nouvelles formes, de mati\u00e8res et explore les possibilit\u00e9s d\u2019expression \u00e0 travers ses canevas qui font fi de livres ouverts et de partage de messages.<\/span><\/p>\n<p>Auteur: ALM<br \/>\n<a href=\"http:\/\/aujourdhui.ma\/culture\/sur-le-fil-de-zineb-bennis-a-so-art-gallery-de-casablanca\">Cliquez ici pour lire l&rsquo;article depuis sa source.<\/a><\/p>\n","protected":false},"excerpt":{"rendered":"<p>L\u2019artiste-peintre marocaine, Zineb Bennis, exposera ses \u0153uvres, du 12 juin au 12 juillet \u00e0 Casablanca, dans le cadre de l\u2019exposition \u00abSur le fil\u00bb, mettant en relief de grands portraits satur\u00e9s, majoritairement f\u00e9minins. Cette exposition, qui se tiendra \u00e0 la galerie So Art Gallery, mettra en avant une esth\u00e9tique a\u00e9rienne et \u00e9vanescente, fruit d\u2019une phase difficile [&hellip;]<\/p>\n","protected":false},"author":1759,"featured_media":0,"comment_status":"closed","ping_status":"closed","sticky":false,"template":"","format":"standard","meta":{"fifu_image_url":"","fifu_image_alt":"","footnotes":""},"categories":[73,54],"tags":[],"class_list":["post-38991","post","type-post","status-publish","format-standard","hentry","category-actualite","category-maroc"],"_links":{"self":[{"href":"https:\/\/linitiative.ca\/International\/wp-json\/wp\/v2\/posts\/38991","targetHints":{"allow":["GET"]}}],"collection":[{"href":"https:\/\/linitiative.ca\/International\/wp-json\/wp\/v2\/posts"}],"about":[{"href":"https:\/\/linitiative.ca\/International\/wp-json\/wp\/v2\/types\/post"}],"author":[{"embeddable":true,"href":"https:\/\/linitiative.ca\/International\/wp-json\/wp\/v2\/users\/1759"}],"replies":[{"embeddable":true,"href":"https:\/\/linitiative.ca\/International\/wp-json\/wp\/v2\/comments?post=38991"}],"version-history":[{"count":0,"href":"https:\/\/linitiative.ca\/International\/wp-json\/wp\/v2\/posts\/38991\/revisions"}],"wp:attachment":[{"href":"https:\/\/linitiative.ca\/International\/wp-json\/wp\/v2\/media?parent=38991"}],"wp:term":[{"taxonomy":"category","embeddable":true,"href":"https:\/\/linitiative.ca\/International\/wp-json\/wp\/v2\/categories?post=38991"},{"taxonomy":"post_tag","embeddable":true,"href":"https:\/\/linitiative.ca\/International\/wp-json\/wp\/v2\/tags?post=38991"}],"curies":[{"name":"wp","href":"https:\/\/api.w.org\/{rel}","templated":true}]}}