{"id":38995,"date":"2019-06-05T19:57:55","date_gmt":"2019-06-05T23:57:55","guid":{"rendered":"https:\/\/linitiative.ca\/International\/migration-clandestine-sept-tunisiens-secourus-au-large-de-sfax\/"},"modified":"2019-06-05T19:57:55","modified_gmt":"2019-06-05T23:57:55","slug":"migration-clandestine-sept-tunisiens-secourus-au-large-de-sfax","status":"publish","type":"post","link":"https:\/\/linitiative.ca\/International\/migration-clandestine-sept-tunisiens-secourus-au-large-de-sfax\/","title":{"rendered":"Migration clandestine :  Sept tunisiens secourus au large de Sfax"},"content":{"rendered":"<p>Une unit\u00e9 de la marine nationale a secouru lundi sept tunisiens \u00e2g\u00e9s de 25 \u00e0 35 ans au large de Sfax, qui tentaient d\u2019atteindre les c\u00f4tes italiennes \u00e0 bord d\u2019une embarcation.<\/p>\n<div>Selon un communiqu\u00e9 du minist\u00e8re de la D\u00e9fense nationale, les interpell\u00e9s ont indiqu\u00e9 avoir pris le large dans la nuit du dimanche \u00e0 lundi depuis des c\u00f4tes de Skhira pour traverser la fronti\u00e8re maritime en direction de l\u2019Italie.Les interpell\u00e9s ont \u00e9t\u00e9 transf\u00e9r\u00e9s \u00e0 la base maritime de Sfax et remis \u00e0 la Garde nationale dans la r\u00e9gion pour prendre les proc\u00e9dures judiciaires \u00e0 leur encontre. Le minist\u00e8re de la D\u00e9fense informe dans un autre communiqu\u00e9 que les patrouilles militaires d\u00e9ploy\u00e9es dans le secteur de Ben Guerdane ont interpell\u00e9 le week-end dernier 25 subsahariens qui tentaient de franchir clandestinement la fronti\u00e8re terrestre entre la Tunisie et la Libye dans les deux sens et sans documents d\u2019identit\u00e9.Les migrants clandestins sont originaires du Soudan (10), du Mali (6), de la Guin\u00e9e (3), du C\u00f4te d\u2019Ivoire (3), du S\u00e9n\u00e9gal (2) et du Niger (1). Les interpell\u00e9s ont \u00e9t\u00e9 remis au district de la Garde nationale de Choucha pour prendre les mesures judiciaires \u00e0 leur encontre. L\u2019Office des C\u00e9r\u00e9ales- BNA : Signature d\u2019un accord pour le financement de la r\u00e9colte c\u00e9r\u00e9ali\u00e8re 2018-2019<\/div>\n<p class=\"dpsp-share-text\">Partager c&rsquo;est aimer!<\/p>\n<div class=\"wp-post-author-wrap wp-post-author-shortcode left\">\n<h3 class=\"awpa-title\"\/>\n<div class=\"wp-post-author\">\n<div class=\"awpa-img awpa-author-block square\"><a href=\"http:\/\/lexpertjournal.net\/fr\/author\/expert\/\"><img loading=\"lazy\" decoding=\"async\" alt=\"\" src=\"http:\/\/2.gravatar.com\/avatar\/56d99be2a6f97af88ccb49fada637fcd?s=150&#038;d=mm&#038;r=g\" srcset=\"http:\/\/2.gravatar.com\/avatar\/56d99be2a6f97af88ccb49fada637fcd?s=300&#038;d=mm&#038;r=g 2x\" class=\"avatar avatar-150 photo\" height=\"150\" width=\"150\"\/><\/a><\/div>\n<\/div>\n<\/div>\n<p>Auteur: L&rsquo;expert<br \/>\n<a href=\"http:\/\/lexpertjournal.net\/fr\/2019\/06\/06\/migration-clandestine-sept-tunisiens-secourus-au-large-de-sfax\/\">Cliquez ici pour lire l&rsquo;article depuis sa source.<\/a><\/p>\n","protected":false},"excerpt":{"rendered":"<p>Une unit\u00e9 de la marine nationale a secouru lundi sept tunisiens \u00e2g\u00e9s de 25 \u00e0 35 ans au large de Sfax, qui tentaient d\u2019atteindre les c\u00f4tes italiennes \u00e0 bord d\u2019une embarcation. Selon un communiqu\u00e9 du minist\u00e8re de la D\u00e9fense nationale, les interpell\u00e9s ont indiqu\u00e9 avoir pris le large dans la nuit du dimanche \u00e0 lundi [&hellip;]<\/p>\n","protected":false},"author":1775,"featured_media":0,"comment_status":"closed","ping_status":"closed","sticky":false,"template":"","format":"standard","meta":{"fifu_image_url":"","fifu_image_alt":"","footnotes":""},"categories":[78,55],"tags":[],"class_list":["post-38995","post","type-post","status-publish","format-standard","hentry","category-economie","category-tunisie"],"_links":{"self":[{"href":"https:\/\/linitiative.ca\/International\/wp-json\/wp\/v2\/posts\/38995","targetHints":{"allow":["GET"]}}],"collection":[{"href":"https:\/\/linitiative.ca\/International\/wp-json\/wp\/v2\/posts"}],"about":[{"href":"https:\/\/linitiative.ca\/International\/wp-json\/wp\/v2\/types\/post"}],"author":[{"embeddable":true,"href":"https:\/\/linitiative.ca\/International\/wp-json\/wp\/v2\/users\/1775"}],"replies":[{"embeddable":true,"href":"https:\/\/linitiative.ca\/International\/wp-json\/wp\/v2\/comments?post=38995"}],"version-history":[{"count":0,"href":"https:\/\/linitiative.ca\/International\/wp-json\/wp\/v2\/posts\/38995\/revisions"}],"wp:attachment":[{"href":"https:\/\/linitiative.ca\/International\/wp-json\/wp\/v2\/media?parent=38995"}],"wp:term":[{"taxonomy":"category","embeddable":true,"href":"https:\/\/linitiative.ca\/International\/wp-json\/wp\/v2\/categories?post=38995"},{"taxonomy":"post_tag","embeddable":true,"href":"https:\/\/linitiative.ca\/International\/wp-json\/wp\/v2\/tags?post=38995"}],"curies":[{"name":"wp","href":"https:\/\/api.w.org\/{rel}","templated":true}]}}