{"id":38996,"date":"2019-06-06T07:18:03","date_gmt":"2019-06-06T11:18:03","guid":{"rendered":"https:\/\/linitiative.ca\/International\/le-congo-attribue-une-dizaine-de-permis-de-recherche-miniere\/"},"modified":"2019-06-06T07:18:03","modified_gmt":"2019-06-06T11:18:03","slug":"le-congo-attribue-une-dizaine-de-permis-de-recherche-miniere","status":"publish","type":"post","link":"https:\/\/linitiative.ca\/International\/le-congo-attribue-une-dizaine-de-permis-de-recherche-miniere\/","title":{"rendered":"Le Congo attribue une dizaine de permis de recherche mini\u00e8re"},"content":{"rendered":"<div readability=\"32\">\n<p>Publi\u00e9 le 06.06.2019 \u00e0 12h18 par APA News<\/p>\n<\/div>\n<div readability=\"46\">\n<p>Une dizaine de permis de recherche mini\u00e8re a \u00e9t\u00e9 attribu\u00e9e par le Congo \u00e0 plusieurs soci\u00e9t\u00e9s, a annonc\u00e9 ce jeudi \u00e0 Brazzaville, le porte-parole du gouvernement, Thierry Moungalla.\u00ab Ces permis de recherche mini\u00e8re ont \u00e9t\u00e9 attribu\u00e9s \u00e0 ces soci\u00e9t\u00e9s lors du Conseil des ministres tenu hier mercredi dans la capitale congolaise. Ils portent notamment sur la recherche des poly-m\u00e9taux, de la potasse et de l\u2019or \u00bb, a expliqu\u00e9 M. Moungalla.<\/p>\n<p>En outre, \u00e0 l\u2019occasion du Conseil des ministres, plusieurs permis de recherche de diamant brut, de potasse et d\u2019or ont \u00e9t\u00e9 renouvel\u00e9s.<\/p>\n<\/div>\n<p>Auteur: APA News<br \/>\n<a href=\"https:\/\/www.journalducameroun.com\/le-congo-attribue-une-dizaine-de-permis-de-recherche-miniere\/\">Cliquez ici pour lire l&rsquo;article depuis sa source.<\/a><\/p>\n","protected":false},"excerpt":{"rendered":"<p>Publi\u00e9 le 06.06.2019 \u00e0 12h18 par APA News Une dizaine de permis de recherche mini\u00e8re a \u00e9t\u00e9 attribu\u00e9e par le Congo \u00e0 plusieurs soci\u00e9t\u00e9s, a annonc\u00e9 ce jeudi \u00e0 Brazzaville, le porte-parole du gouvernement, Thierry Moungalla.\u00ab Ces permis de recherche mini\u00e8re ont \u00e9t\u00e9 attribu\u00e9s \u00e0 ces soci\u00e9t\u00e9s lors du Conseil des ministres tenu hier mercredi [&hellip;]<\/p>\n","protected":false},"author":1965,"featured_media":0,"comment_status":"closed","ping_status":"closed","sticky":false,"template":"","format":"standard","meta":{"fifu_image_url":"","fifu_image_alt":"","footnotes":""},"categories":[73,82],"tags":[],"class_list":["post-38996","post","type-post","status-publish","format-standard","hentry","category-actualite","category-cameroun"],"_links":{"self":[{"href":"https:\/\/linitiative.ca\/International\/wp-json\/wp\/v2\/posts\/38996","targetHints":{"allow":["GET"]}}],"collection":[{"href":"https:\/\/linitiative.ca\/International\/wp-json\/wp\/v2\/posts"}],"about":[{"href":"https:\/\/linitiative.ca\/International\/wp-json\/wp\/v2\/types\/post"}],"author":[{"embeddable":true,"href":"https:\/\/linitiative.ca\/International\/wp-json\/wp\/v2\/users\/1965"}],"replies":[{"embeddable":true,"href":"https:\/\/linitiative.ca\/International\/wp-json\/wp\/v2\/comments?post=38996"}],"version-history":[{"count":0,"href":"https:\/\/linitiative.ca\/International\/wp-json\/wp\/v2\/posts\/38996\/revisions"}],"wp:attachment":[{"href":"https:\/\/linitiative.ca\/International\/wp-json\/wp\/v2\/media?parent=38996"}],"wp:term":[{"taxonomy":"category","embeddable":true,"href":"https:\/\/linitiative.ca\/International\/wp-json\/wp\/v2\/categories?post=38996"},{"taxonomy":"post_tag","embeddable":true,"href":"https:\/\/linitiative.ca\/International\/wp-json\/wp\/v2\/tags?post=38996"}],"curies":[{"name":"wp","href":"https:\/\/api.w.org\/{rel}","templated":true}]}}