{"id":38998,"date":"2019-06-06T07:18:04","date_gmt":"2019-06-06T11:18:04","guid":{"rendered":"https:\/\/linitiative.ca\/International\/deux-rebelles-juges-en-session-criminelle-speciale-a-ndjamena\/"},"modified":"2019-06-06T07:18:04","modified_gmt":"2019-06-06T11:18:04","slug":"deux-rebelles-juges-en-session-criminelle-speciale-a-ndjamena","status":"publish","type":"post","link":"https:\/\/linitiative.ca\/International\/deux-rebelles-juges-en-session-criminelle-speciale-a-ndjamena\/","title":{"rendered":"Deux rebelles jug\u00e9s en session criminelle sp\u00e9ciale \u00e0 N\u2019Djam\u00e9na"},"content":{"rendered":"<div readability=\"32\">\n<p>Publi\u00e9 le 06.06.2019 \u00e0 12h18 par APA News<\/p>\n<\/div>\n<div readability=\"45\">\n<p>Le dossier des deux responsables du mouvement rebelle, le Conseil de commandement militaire pour le salut de la R\u00e9publique (CCMSR), Mahamat Hassan Boulmaye et Ahmat Yacoub Adam est jug\u00e9, jeudi au palais de justice de N\u2019Djam\u00e9na, en session criminelle sp\u00e9ciale.Arr\u00eat\u00e9s en 2017 au Niger puis extrad\u00e9s \u00e0 N\u2019Djam\u00e9na, Boulmaye et Ahmat Yacoub sont inculp\u00e9s pour \u00ab participation \u00e0 des mouvements insurrectionnels \u00bb.<\/p>\n<p>Au cours de cette session criminelle sp\u00e9ciale qui se tient du 6 au 7 juin, un groupe d\u2019une dizaine de personnes est jug\u00e9 pour tentative de mercenariat et d\u2019autres pour associations de malfaiteurs.<\/p>\n<\/div>\n<p>Auteur: APA News<br \/>\n<a href=\"https:\/\/www.journalducameroun.com\/deux-rebelles-juges-en-session-criminelle-speciale-a-ndjamena\/\">Cliquez ici pour lire l&rsquo;article depuis sa source.<\/a><\/p>\n","protected":false},"excerpt":{"rendered":"<p>Publi\u00e9 le 06.06.2019 \u00e0 12h18 par APA News Le dossier des deux responsables du mouvement rebelle, le Conseil de commandement militaire pour le salut de la R\u00e9publique (CCMSR), Mahamat Hassan Boulmaye et Ahmat Yacoub Adam est jug\u00e9, jeudi au palais de justice de N\u2019Djam\u00e9na, en session criminelle sp\u00e9ciale.Arr\u00eat\u00e9s en 2017 au Niger puis extrad\u00e9s \u00e0 [&hellip;]<\/p>\n","protected":false},"author":1965,"featured_media":0,"comment_status":"closed","ping_status":"closed","sticky":false,"template":"","format":"standard","meta":{"fifu_image_url":"","fifu_image_alt":"","footnotes":""},"categories":[73,82],"tags":[],"class_list":["post-38998","post","type-post","status-publish","format-standard","hentry","category-actualite","category-cameroun"],"_links":{"self":[{"href":"https:\/\/linitiative.ca\/International\/wp-json\/wp\/v2\/posts\/38998","targetHints":{"allow":["GET"]}}],"collection":[{"href":"https:\/\/linitiative.ca\/International\/wp-json\/wp\/v2\/posts"}],"about":[{"href":"https:\/\/linitiative.ca\/International\/wp-json\/wp\/v2\/types\/post"}],"author":[{"embeddable":true,"href":"https:\/\/linitiative.ca\/International\/wp-json\/wp\/v2\/users\/1965"}],"replies":[{"embeddable":true,"href":"https:\/\/linitiative.ca\/International\/wp-json\/wp\/v2\/comments?post=38998"}],"version-history":[{"count":0,"href":"https:\/\/linitiative.ca\/International\/wp-json\/wp\/v2\/posts\/38998\/revisions"}],"wp:attachment":[{"href":"https:\/\/linitiative.ca\/International\/wp-json\/wp\/v2\/media?parent=38998"}],"wp:term":[{"taxonomy":"category","embeddable":true,"href":"https:\/\/linitiative.ca\/International\/wp-json\/wp\/v2\/categories?post=38998"},{"taxonomy":"post_tag","embeddable":true,"href":"https:\/\/linitiative.ca\/International\/wp-json\/wp\/v2\/tags?post=38998"}],"curies":[{"name":"wp","href":"https:\/\/api.w.org\/{rel}","templated":true}]}}