{"id":38999,"date":"2019-06-05T20:01:56","date_gmt":"2019-06-06T00:01:56","guid":{"rendered":"https:\/\/linitiative.ca\/International\/recolte-cerealiere-protocole-daccord-de-financement-entre-loffice-des-cereales-et-la-bna\/"},"modified":"2019-06-05T20:01:56","modified_gmt":"2019-06-06T00:01:56","slug":"recolte-cerealiere-protocole-daccord-de-financement-entre-loffice-des-cereales-et-la-bna","status":"publish","type":"post","link":"https:\/\/linitiative.ca\/International\/recolte-cerealiere-protocole-daccord-de-financement-entre-loffice-des-cereales-et-la-bna\/","title":{"rendered":"R\u00e9colte c\u00e9r\u00e9ali\u00e8re : Protocole d\u2019accord de financement entre l\u2019Office des c\u00e9r\u00e9ales et la BNA"},"content":{"rendered":"<p>L\u2019Office des C\u00e9r\u00e9ales et la Banque Nationale Agricole (BNA) ont sign\u00e9, lundi, un protocole d\u2019accord pour le financement de la r\u00e9colte c\u00e9r\u00e9ali\u00e8re 2018-2019, \u00e0 partir de la collecte jusqu\u2019au stockage et la commercialisation.<\/p>\n<div>En vertu de cet accord, l\u2019Office prend en charge l\u2019int\u00e9gralit\u00e9 du financement accord\u00e9 par la BNA, sous forme d\u2019Avance Sur Marchandises pour son propre compte et pour le compte des quatre Soci\u00e9t\u00e9s Mutuelles Centrales des Services Agricoles. Il s\u2019agit de la Soci\u00e9t\u00e9 Mutuelle Centrale de Services Agricoles Grandes Cultures (CCGC), la Soci\u00e9t\u00e9 Mutuelle Centrale de Services Agricoles de Bl\u00e9 (COCEBLE), la Soci\u00e9t\u00e9 Mutuelle Centrale de Semences et Plants S\u00e9lectionn\u00e9s (CCSPS) et la Soci\u00e9t\u00e9 Mutuelle Centrale de Semences (COSEM).L\u2019accord stipule que la BNA met en place une ligne d\u2019Avances sur Cr\u00e9ances Administratives en faveur de l\u2019Office des C\u00e9r\u00e9ales pour couvrir la cr\u00e9ance n\u00e9e sur l\u2019Etat au titre de la compensation relative \u00e0 la vente de c\u00e9r\u00e9ales locales.La banque est appel\u00e9e, \u00e9galement, \u00e0 mettre en place une ligne de cr\u00e9dit non mobilisable (CNM) en faveur de l\u2019Office des C\u00e9r\u00e9ales pour financer les charges op\u00e9rationnelles li\u00e9es \u00e0 l\u2019activit\u00e9 c\u00e9r\u00e9ales locales, et ce, prenant en consid\u00e9ration les pr\u00e9visions de production.Le PDG de l\u2019Office des C\u00e9r\u00e9ales, Taoufik Saidi, a soulign\u00e9 que ce mod\u00e8le de financement se pr\u00e9sente comme une nouvelle exp\u00e9rience pour la Tunisie, rappelant que les mutuelles faisaient recours, auparavant, \u00e0 l\u2019endettement, directement aupr\u00e8s de la BNA. \u00bbAvec la signature de cet accord, l\u2019Office est devenu l\u2019unique interlocuteur avec la BNA et acc\u00e9dera \u00e0 tout le financement de la r\u00e9colte, avant de l\u2019orienter vers les mutuelles, ce qui permettra de r\u00e9duire les int\u00e9r\u00eats sur cr\u00e9dits \u00ab , a-t-il not\u00e9.Le ministre de l\u2019Agriculture, des Ressources hydrauliques et de la P\u00eache, Samir Taieb, a r\u00e9v\u00e9l\u00e9 que le minist\u00e8re de Transport a mis en place 60 locomotives pour assurer le transport de c\u00e9r\u00e9ales.Et d\u2019ajouter que son d\u00e9partement a coordonn\u00e9 avec les services de la protection civile afin de faire face aux \u00e9ventuels incendies. Le directeur g\u00e9n\u00e9ral de la BNA, Habib Belhaj Gouider, a affirm\u00e9, de son c\u00f4t\u00e9, que la ligne de financement, qui sera octroy\u00e9 par la BNA, vise, essentiellement, \u00e0 mener \u00e0 bien l\u2019op\u00e9ration de collecte de la r\u00e9colte de c\u00e9r\u00e9ales. Il a rappel\u00e9, ainsi, que le financement sera fait sur \u00e9tapes, selon les besoins, tout au long de la saison.<\/div>\n<p class=\"dpsp-share-text\">Partager c&rsquo;est aimer!<\/p>\n<div class=\"wp-post-author-wrap wp-post-author-shortcode left\">\n<h3 class=\"awpa-title\"\/>\n<div class=\"wp-post-author\">\n<div class=\"awpa-img awpa-author-block square\"><a href=\"http:\/\/lexpertjournal.net\/fr\/author\/expert\/\"><img loading=\"lazy\" decoding=\"async\" alt=\"\" src=\"http:\/\/2.gravatar.com\/avatar\/56d99be2a6f97af88ccb49fada637fcd?s=150&#038;d=mm&#038;r=g\" srcset=\"http:\/\/2.gravatar.com\/avatar\/56d99be2a6f97af88ccb49fada637fcd?s=300&#038;d=mm&#038;r=g 2x\" class=\"avatar avatar-150 photo\" height=\"150\" width=\"150\"\/><\/a><\/div>\n<\/div>\n<\/div>\n<p>Auteur: L&rsquo;expert<br \/>\n<a href=\"http:\/\/lexpertjournal.net\/fr\/2019\/06\/06\/recolte-cerealiere-protocole-daccord-de-financement-entre-loffice-des-cereales-et-la-bna\/\">Cliquez ici pour lire l&rsquo;article depuis sa source.<\/a><\/p>\n","protected":false},"excerpt":{"rendered":"<p>L\u2019Office des C\u00e9r\u00e9ales et la Banque Nationale Agricole (BNA) ont sign\u00e9, lundi, un protocole d\u2019accord pour le financement de la r\u00e9colte c\u00e9r\u00e9ali\u00e8re 2018-2019, \u00e0 partir de la collecte jusqu\u2019au stockage et la commercialisation. En vertu de cet accord, l\u2019Office prend en charge l\u2019int\u00e9gralit\u00e9 du financement accord\u00e9 par la BNA, sous forme d\u2019Avance Sur Marchandises pour [&hellip;]<\/p>\n","protected":false},"author":1775,"featured_media":0,"comment_status":"closed","ping_status":"closed","sticky":false,"template":"","format":"standard","meta":{"fifu_image_url":"","fifu_image_alt":"","footnotes":""},"categories":[78,55],"tags":[],"class_list":["post-38999","post","type-post","status-publish","format-standard","hentry","category-economie","category-tunisie"],"_links":{"self":[{"href":"https:\/\/linitiative.ca\/International\/wp-json\/wp\/v2\/posts\/38999","targetHints":{"allow":["GET"]}}],"collection":[{"href":"https:\/\/linitiative.ca\/International\/wp-json\/wp\/v2\/posts"}],"about":[{"href":"https:\/\/linitiative.ca\/International\/wp-json\/wp\/v2\/types\/post"}],"author":[{"embeddable":true,"href":"https:\/\/linitiative.ca\/International\/wp-json\/wp\/v2\/users\/1775"}],"replies":[{"embeddable":true,"href":"https:\/\/linitiative.ca\/International\/wp-json\/wp\/v2\/comments?post=38999"}],"version-history":[{"count":0,"href":"https:\/\/linitiative.ca\/International\/wp-json\/wp\/v2\/posts\/38999\/revisions"}],"wp:attachment":[{"href":"https:\/\/linitiative.ca\/International\/wp-json\/wp\/v2\/media?parent=38999"}],"wp:term":[{"taxonomy":"category","embeddable":true,"href":"https:\/\/linitiative.ca\/International\/wp-json\/wp\/v2\/categories?post=38999"},{"taxonomy":"post_tag","embeddable":true,"href":"https:\/\/linitiative.ca\/International\/wp-json\/wp\/v2\/tags?post=38999"}],"curies":[{"name":"wp","href":"https:\/\/api.w.org\/{rel}","templated":true}]}}