{"id":39003,"date":"2019-06-05T20:06:43","date_gmt":"2019-06-06T00:06:43","guid":{"rendered":"https:\/\/linitiative.ca\/International\/du-12-au-15-juin-a-lamphitheatre-de-carthage-la-semaine-de-la-mode-fashion-week-tunis-2019\/"},"modified":"2019-06-05T20:06:43","modified_gmt":"2019-06-06T00:06:43","slug":"du-12-au-15-juin-a-lamphitheatre-de-carthage-la-semaine-de-la-mode-fashion-week-tunis-2019","status":"publish","type":"post","link":"https:\/\/linitiative.ca\/International\/du-12-au-15-juin-a-lamphitheatre-de-carthage-la-semaine-de-la-mode-fashion-week-tunis-2019\/","title":{"rendered":"Du 12 au 15 juin \u00e0 l\u2019amphith\u00e9\u00e2tre de Carthage La semaine de la Mode  \u00bb Fashion Week Tunis 2019"},"content":{"rendered":"<p>(TAP) \u2013 La \u00ab Fashion Week Tunis (TFW), plateforme annuelle incontournable pour les professionnels de la mode, f\u00eatera cette ann\u00e9e son 11\u00e8me anniversaire, du 12 au 15 juin 2019 \u00e0 l\u2019amphith\u00e9\u00e2tre de Carthage (Banlieue nord de Tunis).<\/p>\n<div>Cette manifestation mobilise les professionnels de la mode d\u00e9sireux de se positionner sur la sc\u00e8ne locale et internationale et rassemble les cr\u00e9ateurs tunisiens et \u00e9trangers, confirm\u00e9s et d\u00e9butants, dans un cadre favorable \u00e0 l\u2019\u00e9change culturel et professionnel. Les d\u00e9fil\u00e9s auront lieu sur quatre jours, indique la FWT sur son site web, relevant que le programme d\u00e9taill\u00e9 est en cours de pr\u00e9paration.La Fashion Week Tunis prendra fin avec la c\u00e9l\u00e8bre com\u00e9die musicale \u00ab Grease Le Musical \u00bb qui sera interpr\u00e9t\u00e9e par 16 danseurs fran\u00e7ais. Le spectacle est pr\u00e9vu le 15 juin, \u00e0 partir de 21 h, sur la sc\u00e8ne de l\u2019amphith\u00e9\u00e2tre de Carthage.Dans le cadre d\u2019un partenariat entre la Fashion Week Tunis et le Goethe-Institut de Tunis, se tiendra, du 13 au 16 juin, un projet appel\u00e9 \u00ab Village des Cr\u00e9ateurs \u00bb qui consiste \u00e0 animer de mani\u00e8re architecturale un terrain de 5,000 m2 \u00e0 Gammarth. Ce projet est mis en place entre le collectif Stiftung FREIZEIT pour lancer et les \u00e9tudiants de l\u2019Ecole nationale d\u2019architecture et d\u2019urbanisme (ENAU) et de l\u2019Ecole sup\u00e9rieure des sciences et technologies du design (ESSTED). Le \u00bb Village des Cr\u00e9ateurs \u00bb sera un espace \u00e9v\u00e8nementiel alternatif et d\u2019exposition pour les artistes, designers et cr\u00e9ateurs tunisiens et internationaux, ouvert au grand public pendant la dur\u00e9e du Fashion Week.<\/div>\n<p class=\"dpsp-share-text\">Partager c&rsquo;est aimer!<\/p>\n<div class=\"wp-post-author-wrap wp-post-author-shortcode left\">\n<h3 class=\"awpa-title\"\/>\n<div class=\"wp-post-author\">\n<div class=\"awpa-img awpa-author-block square\"><a href=\"http:\/\/lexpertjournal.net\/fr\/author\/expert\/\"><img loading=\"lazy\" decoding=\"async\" alt=\"\" src=\"http:\/\/2.gravatar.com\/avatar\/56d99be2a6f97af88ccb49fada637fcd?s=150&#038;d=mm&#038;r=g\" srcset=\"http:\/\/2.gravatar.com\/avatar\/56d99be2a6f97af88ccb49fada637fcd?s=300&#038;d=mm&#038;r=g 2x\" class=\"avatar avatar-150 photo\" height=\"150\" width=\"150\"\/><\/a><\/div>\n<\/div>\n<\/div>\n<p>Auteur: L&rsquo;expert<br \/>\n<a href=\"http:\/\/lexpertjournal.net\/fr\/2019\/06\/06\/du-12-au-15-juin-a-lamphitheatre-de-carthage-la-semaine-de-la-mode-fashion-week-tunis-2019\/\">Cliquez ici pour lire l&rsquo;article depuis sa source.<\/a><\/p>\n","protected":false},"excerpt":{"rendered":"<p>(TAP) \u2013 La \u00ab Fashion Week Tunis (TFW), plateforme annuelle incontournable pour les professionnels de la mode, f\u00eatera cette ann\u00e9e son 11\u00e8me anniversaire, du 12 au 15 juin 2019 \u00e0 l\u2019amphith\u00e9\u00e2tre de Carthage (Banlieue nord de Tunis). Cette manifestation mobilise les professionnels de la mode d\u00e9sireux de se positionner sur la sc\u00e8ne locale et internationale [&hellip;]<\/p>\n","protected":false},"author":1775,"featured_media":0,"comment_status":"closed","ping_status":"closed","sticky":false,"template":"","format":"standard","meta":{"fifu_image_url":"","fifu_image_alt":"","footnotes":""},"categories":[78,55],"tags":[],"class_list":["post-39003","post","type-post","status-publish","format-standard","hentry","category-economie","category-tunisie"],"_links":{"self":[{"href":"https:\/\/linitiative.ca\/International\/wp-json\/wp\/v2\/posts\/39003","targetHints":{"allow":["GET"]}}],"collection":[{"href":"https:\/\/linitiative.ca\/International\/wp-json\/wp\/v2\/posts"}],"about":[{"href":"https:\/\/linitiative.ca\/International\/wp-json\/wp\/v2\/types\/post"}],"author":[{"embeddable":true,"href":"https:\/\/linitiative.ca\/International\/wp-json\/wp\/v2\/users\/1775"}],"replies":[{"embeddable":true,"href":"https:\/\/linitiative.ca\/International\/wp-json\/wp\/v2\/comments?post=39003"}],"version-history":[{"count":0,"href":"https:\/\/linitiative.ca\/International\/wp-json\/wp\/v2\/posts\/39003\/revisions"}],"wp:attachment":[{"href":"https:\/\/linitiative.ca\/International\/wp-json\/wp\/v2\/media?parent=39003"}],"wp:term":[{"taxonomy":"category","embeddable":true,"href":"https:\/\/linitiative.ca\/International\/wp-json\/wp\/v2\/categories?post=39003"},{"taxonomy":"post_tag","embeddable":true,"href":"https:\/\/linitiative.ca\/International\/wp-json\/wp\/v2\/tags?post=39003"}],"curies":[{"name":"wp","href":"https:\/\/api.w.org\/{rel}","templated":true}]}}