{"id":39005,"date":"2019-06-06T01:00:15","date_gmt":"2019-06-06T05:00:15","guid":{"rendered":"https:\/\/linitiative.ca\/International\/meteo-previsions-pour-jeudi-06-juin-2019\/"},"modified":"2019-06-06T01:00:15","modified_gmt":"2019-06-06T05:00:15","slug":"meteo-previsions-pour-jeudi-06-juin-2019","status":"publish","type":"post","link":"https:\/\/linitiative.ca\/International\/meteo-previsions-pour-jeudi-06-juin-2019\/","title":{"rendered":"M\u00e9t\u00e9o: Pr\u00e9visions pour jeudi 06 juin 2019"},"content":{"rendered":"<div class=\"post-cont-in left relative\">\n<div class=\"swp_social_panel swp_horizontal_panel swp_flat_fresh swp_default_full_color swp_individual_full_color swp_other_full_color scale-100 scale-\" data-min-width=\"1100\" data-float-color=\"#ffffff\" data-float=\"none\" data-float-mobile=\"none\" data-transition=\"slide\">\n<div class=\"nc_tweetContainer swp_share_button total_shares total_sharesalt\"><span class=\"swp_count\">2 <span class=\"swp_label\">Partages<\/span><\/span><\/div>\n<\/div>\n<p>Le ciel sera partiellement voil\u00e9 sur la plupart des r\u00e9gions \u00e0 progressivement nuageux sur le nord et les r\u00e9gions Ouest du centre et du sud avec cellules orageuses accompagn\u00e9es de quelques pluies locales l\u2019apr\u00e8s-midi.<\/p>\n<p>Le vent sera de secteur Nord sur le nord et de secteur Est sur le centre et le sud; assez fort, de 30 \u00e0 50 km\/h pr\u00e8s des c\u00f4tes nord et sur le sud et faible \u00e0 mod\u00e9r\u00e9, de 15 \u00e0 30 km\/h ailleurs.<\/p>\n<div class=\"code-block code-block-1 c3\"><ins class=\"adsbygoogle c2\" data-ad-layout=\"in-article\" data-ad-format=\"fluid\" data-ad-client=\"ca-pub-2102118777505746\" data-ad-slot=\"7301775417\"\/> <\/div>\n<p>La mer sera agit\u00e9e sur les c\u00f4tes Est et peu agit\u00e9e ailleurs tandis que les temp\u00e9ratures maximales seront comprises entre 24\u00b0 et 29\u00b0C sur les r\u00e9gions c\u00f4ti\u00e8res, entre 30\u00b0 et 35 \u00e0 l\u2019int\u00e9rieur du pays et atteignant 41\u00b0C sur le Sud-Ouest.<\/p>\n<div class=\"mvp-org-wrap mvp-org-logo\" itemprop=\"publisher\" itemscope=\"\" itemtype=\"https:\/\/schema.org\/Organization\"><img decoding=\"async\" src=\"https:\/\/www.tunisienumerique.com\/wp-content\/uploads\/2017\/02\/logo_tunisie_numerique.png\"\/><\/div>\n<div class=\"swp_social_panel swp_horizontal_panel swp_flat_fresh swp_default_full_color swp_individual_full_color swp_other_full_color scale-100 scale-\" data-min-width=\"1100\" data-float-color=\"#ffffff\" data-float=\"none\" data-float-mobile=\"none\" data-transition=\"slide\">\n<div class=\"nc_tweetContainer swp_share_button total_shares total_sharesalt\"><span class=\"swp_count\">2 <span class=\"swp_label\">Partages<\/span><\/span><\/div>\n<\/div>\n<div class=\"mvp-related-posts left relative\">\n<h4 class=\"post-header\"><span class=\"post-header\">Lire aussi<\/span><\/h4>\n<\/div>\n<\/div>\n<p>Auteur: Mourad S<br \/>\n<a href=\"https:\/\/www.tunisienumerique.com\/meteo-previsions-pour-jeudi-06-juin-2019\/\">Cliquez ici pour lire l&rsquo;article depuis sa source.<\/a><\/p>\n","protected":false},"excerpt":{"rendered":"<p>2 Partages Le ciel sera partiellement voil\u00e9 sur la plupart des r\u00e9gions \u00e0 progressivement nuageux sur le nord et les r\u00e9gions Ouest du centre et du sud avec cellules orageuses accompagn\u00e9es de quelques pluies locales l\u2019apr\u00e8s-midi. Le vent sera de secteur Nord sur le nord et de secteur Est sur le centre et le sud; [&hellip;]<\/p>\n","protected":false},"author":1789,"featured_media":39007,"comment_status":"closed","ping_status":"closed","sticky":false,"template":"","format":"standard","meta":{"fifu_image_url":"","fifu_image_alt":"","footnotes":""},"categories":[73,55],"tags":[],"class_list":["post-39005","post","type-post","status-publish","format-standard","has-post-thumbnail","hentry","category-actualite","category-tunisie"],"_links":{"self":[{"href":"https:\/\/linitiative.ca\/International\/wp-json\/wp\/v2\/posts\/39005","targetHints":{"allow":["GET"]}}],"collection":[{"href":"https:\/\/linitiative.ca\/International\/wp-json\/wp\/v2\/posts"}],"about":[{"href":"https:\/\/linitiative.ca\/International\/wp-json\/wp\/v2\/types\/post"}],"author":[{"embeddable":true,"href":"https:\/\/linitiative.ca\/International\/wp-json\/wp\/v2\/users\/1789"}],"replies":[{"embeddable":true,"href":"https:\/\/linitiative.ca\/International\/wp-json\/wp\/v2\/comments?post=39005"}],"version-history":[{"count":0,"href":"https:\/\/linitiative.ca\/International\/wp-json\/wp\/v2\/posts\/39005\/revisions"}],"wp:featuredmedia":[{"embeddable":true,"href":"https:\/\/linitiative.ca\/International\/wp-json\/"}],"wp:attachment":[{"href":"https:\/\/linitiative.ca\/International\/wp-json\/wp\/v2\/media?parent=39005"}],"wp:term":[{"taxonomy":"category","embeddable":true,"href":"https:\/\/linitiative.ca\/International\/wp-json\/wp\/v2\/categories?post=39005"},{"taxonomy":"post_tag","embeddable":true,"href":"https:\/\/linitiative.ca\/International\/wp-json\/wp\/v2\/tags?post=39005"}],"curies":[{"name":"wp","href":"https:\/\/api.w.org\/{rel}","templated":true}]}}