{"id":39006,"date":"2019-06-05T20:11:57","date_gmt":"2019-06-06T00:11:57","guid":{"rendered":"https:\/\/linitiative.ca\/International\/pelerinage-2019-ouverture-de-guichets-uniques-a-partir-du-10-juin\/"},"modified":"2019-06-05T20:11:57","modified_gmt":"2019-06-06T00:11:57","slug":"pelerinage-2019-ouverture-de-guichets-uniques-a-partir-du-10-juin","status":"publish","type":"post","link":"https:\/\/linitiative.ca\/International\/pelerinage-2019-ouverture-de-guichets-uniques-a-partir-du-10-juin\/","title":{"rendered":"P\u00e8lerinage 2019 :  Ouverture de guichets uniques \u00e0 partir du 10 juin"},"content":{"rendered":"<p>Le minist\u00e8re des Affaires religieuses indique lundi que les guichets uniques am\u00e9nag\u00e9s pour la finalisation des formalit\u00e9s de voyage vers les lieux saints pour la saison de p\u00e8lerinage 2019 (1440 de l\u2019H\u00e9gire) seront ouverts \u00e0 partir du 10 juin 2019 \u00e0 9H00.<\/p>\n<div>Le minist\u00e8re invite les inscrits sur les listes d\u00e9finitives des p\u00e8lerins \u00e0 contacter les centres concern\u00e9s pour r\u00e9gler toutes les formalit\u00e9s dans les d\u00e9lais impartis. Les p\u00e8lerins doivent \u00eatre munis notamment d\u2019un passeport dont la validit\u00e9 ne doit pas \u00eatre inf\u00e9rieure au 30 mars 2020 et d\u2019un carnet de soins.Le paiement des frais pour le logement et le s\u00e9jour ainsi que pour les billets d\u2019avion doit \u00eatre effectu\u00e9 aupr\u00e8s des bureaux de poste dans les diff\u00e9rentes d\u00e9l\u00e9gations, pr\u00e9cise le minist\u00e8re des Affaires religieuses dans un communiqu\u00e9.<\/div>\n<p class=\"dpsp-share-text\">Partager c&rsquo;est aimer!<\/p>\n<div class=\"wp-post-author-wrap wp-post-author-shortcode left\">\n<h3 class=\"awpa-title\"\/>\n<div class=\"wp-post-author\">\n<div class=\"awpa-img awpa-author-block square\"><a href=\"http:\/\/lexpertjournal.net\/fr\/author\/expert\/\"><img loading=\"lazy\" decoding=\"async\" alt=\"\" src=\"http:\/\/2.gravatar.com\/avatar\/56d99be2a6f97af88ccb49fada637fcd?s=150&#038;d=mm&#038;r=g\" srcset=\"http:\/\/2.gravatar.com\/avatar\/56d99be2a6f97af88ccb49fada637fcd?s=300&#038;d=mm&#038;r=g 2x\" class=\"avatar avatar-150 photo\" height=\"150\" width=\"150\"\/><\/a><\/div>\n<\/div>\n<\/div>\n<p>Auteur: L&rsquo;expert<br \/>\n<a href=\"http:\/\/lexpertjournal.net\/fr\/2019\/06\/06\/pelerinage-2019-ouverture-de-guichets-uniques-a-partir-du-10-juin\/\">Cliquez ici pour lire l&rsquo;article depuis sa source.<\/a><\/p>\n","protected":false},"excerpt":{"rendered":"<p>Le minist\u00e8re des Affaires religieuses indique lundi que les guichets uniques am\u00e9nag\u00e9s pour la finalisation des formalit\u00e9s de voyage vers les lieux saints pour la saison de p\u00e8lerinage 2019 (1440 de l\u2019H\u00e9gire) seront ouverts \u00e0 partir du 10 juin 2019 \u00e0 9H00. Le minist\u00e8re invite les inscrits sur les listes d\u00e9finitives des p\u00e8lerins \u00e0 contacter [&hellip;]<\/p>\n","protected":false},"author":1775,"featured_media":0,"comment_status":"closed","ping_status":"closed","sticky":false,"template":"","format":"standard","meta":{"fifu_image_url":"","fifu_image_alt":"","footnotes":""},"categories":[78,55],"tags":[],"class_list":["post-39006","post","type-post","status-publish","format-standard","hentry","category-economie","category-tunisie"],"_links":{"self":[{"href":"https:\/\/linitiative.ca\/International\/wp-json\/wp\/v2\/posts\/39006","targetHints":{"allow":["GET"]}}],"collection":[{"href":"https:\/\/linitiative.ca\/International\/wp-json\/wp\/v2\/posts"}],"about":[{"href":"https:\/\/linitiative.ca\/International\/wp-json\/wp\/v2\/types\/post"}],"author":[{"embeddable":true,"href":"https:\/\/linitiative.ca\/International\/wp-json\/wp\/v2\/users\/1775"}],"replies":[{"embeddable":true,"href":"https:\/\/linitiative.ca\/International\/wp-json\/wp\/v2\/comments?post=39006"}],"version-history":[{"count":0,"href":"https:\/\/linitiative.ca\/International\/wp-json\/wp\/v2\/posts\/39006\/revisions"}],"wp:attachment":[{"href":"https:\/\/linitiative.ca\/International\/wp-json\/wp\/v2\/media?parent=39006"}],"wp:term":[{"taxonomy":"category","embeddable":true,"href":"https:\/\/linitiative.ca\/International\/wp-json\/wp\/v2\/categories?post=39006"},{"taxonomy":"post_tag","embeddable":true,"href":"https:\/\/linitiative.ca\/International\/wp-json\/wp\/v2\/tags?post=39006"}],"curies":[{"name":"wp","href":"https:\/\/api.w.org\/{rel}","templated":true}]}}