{"id":39008,"date":"2019-06-06T04:23:48","date_gmt":"2019-06-06T08:23:48","guid":{"rendered":"https:\/\/linitiative.ca\/International\/tunisievideo-coup-de-gueule-de-mahmoud-baroudi-contre-la-decision-de-la-caf\/"},"modified":"2019-06-06T04:23:48","modified_gmt":"2019-06-06T08:23:48","slug":"tunisievideo-coup-de-gueule-de-mahmoud-baroudi-contre-la-decision-de-la-caf","status":"publish","type":"post","link":"https:\/\/linitiative.ca\/International\/tunisievideo-coup-de-gueule-de-mahmoud-baroudi-contre-la-decision-de-la-caf\/","title":{"rendered":"Tunisie[Vid\u00e9o]: Coup de gueule de Mahmoud Baroudi contre la d\u00e9cision de la CAF"},"content":{"rendered":"<div class=\"post-cont-in left relative\">\n<div class=\"swp_social_panel swp_horizontal_panel swp_flat_fresh swp_default_full_color swp_individual_full_color swp_other_full_color scale-100 scale-\" data-min-width=\"1100\" data-float-color=\"#ffffff\" data-float=\"none\" data-float-mobile=\"none\" data-transition=\"slide\">\n<div class=\"nc_tweetContainer swp_share_button total_shares total_sharesalt\"><span class=\"swp_count\">89 <span class=\"swp_label\">Partages<\/span><\/span><\/div>\n<\/div>\n<p>L\u2019ancien d\u00e9put\u00e9 de l\u2019Assembl\u00e9e nationale constituante (ANC), Mahmoud Baroudi a d\u00e9nonc\u00e9 la d\u00e9cision de la CAF de rejouer le match de la finale de la Coupe de la Ligue des clubs champions d\u2019Afrique remport\u00e9e vendredi dernier par l\u2019Esp\u00e9rance sportive de Tunis contre le Wydad du Maroc.<\/p>\n<p>Baroudi a estim\u00e9 que cette d\u00e9cision a g\u00e2ch\u00e9 la f\u00eate de l\u2019A\u00efd El Fitr aux Tunisiens la comparant \u00e0 l\u2019annonce en 2006 de l\u2019ex\u00e9cution du dirigeant irakien Saddam Hussein qui avait afflig\u00e9 les Tunisiens, justement un jour d\u2019A\u00efd.<\/p>\n<div class=\"code-block code-block-1 c3\"><ins class=\"adsbygoogle c2\" data-ad-layout=\"in-article\" data-ad-format=\"fluid\" data-ad-client=\"ca-pub-2102118777505746\" data-ad-slot=\"7301775417\"\/> <\/div>\n<p>Il s\u2019en est vivement pris aux responsables du pays, \u00e0 tous les niveaux, leur faisant assumer ce qu\u2019il a d\u00e9crit comme un \u00e9chec et une atteinte \u00e0 la Tunisie.<\/p>\n<p>Selon lui, les responsables n\u2019ont pas agi ni pour d\u00e9fendre l\u2019image ni le prestige de la Tunisie qui a \u00e9t\u00e9 \u00e9corn\u00e9 \u00e0 travers cette d\u00e9cision alors que du c\u00f4t\u00e9 Maroc, les contacts n\u2019ont pas cess\u00e9 avec les dirigeants sportifs du continent pour faire valoir leur cause.<\/p>\n<p>Il s\u2019est demand\u00e9 o\u00f9 est pass\u00e9e la ministre de la Jeunesse et des Sports, pourquoi n\u2019a-t-elle pas contact\u00e9 ses homologues africains pour plaider la cause de la Tunisie.<\/p>\n<p>Mahmoud Baroudi s\u2019est r\u00e9volt\u00e9 contre le fait que la Coupe de la Ligue ait \u00e9t\u00e9 remise officiellement par le chef du gouvernement en pr\u00e9sence des officiels de la CAF et qu\u2019on puisse, par la suite, revenir sur ce sacre et rejouer le match comme si de rien n\u2019\u00e9tait.<\/p>\n<p>S\u2019en prenant \u00e0 l\u2019argument de la s\u00e9curit\u00e9 avanc\u00e9 par la CAF, Baroudi a d\u00e9nonc\u00e9 une politique syst\u00e9matique adopt\u00e9e par le Maroc depuis 2011 invoquant sans cesse l\u2019ins\u00e9curit\u00e9 pour spolier \u00e0 la Tunisie ses touristes et lui ravir les march\u00e9s\u00a0du phosphate.<\/p>\n<p>Il a\u00a0appel\u00e9 \u00e0 un sursaut national pour r\u00e9parer cette injustice bien qu\u2019il estime que le mal est d\u00e9j\u00e0 fait\u00a0suite \u00e0 la\u00a0d\u00e9cision incompr\u00e9hensible de la CAF.<\/p>\n<p><iframe loading=\"lazy\" class=\"c4\" src=\"https:\/\/www.facebook.com\/plugins\/video.php?href=https%3A%2F%2Fwww.facebook.com%2Fmahmoud.baroudi.9%2Fvideos%2F10214223690201760%2F&#038;show_text=0&#038;width=267\" width=\"267\" height=\"476\" frameborder=\"0\" scrolling=\"no\" allowfullscreen=\"allowfullscreen\">[embedded content]<\/iframe><\/p>\n<div class=\"mvp-org-wrap mvp-org-logo\" itemprop=\"publisher\" itemscope=\"\" itemtype=\"https:\/\/schema.org\/Organization\"><img decoding=\"async\" src=\"https:\/\/www.tunisienumerique.com\/wp-content\/uploads\/2017\/02\/logo_tunisie_numerique.png\"\/><\/div>\n<div class=\"swp_social_panel swp_horizontal_panel swp_flat_fresh swp_default_full_color swp_individual_full_color swp_other_full_color scale-100 scale-\" data-min-width=\"1100\" data-float-color=\"#ffffff\" data-float=\"none\" data-float-mobile=\"none\" data-transition=\"slide\">\n<div class=\"nc_tweetContainer swp_share_button total_shares total_sharesalt\"><span class=\"swp_count\">89 <span class=\"swp_label\">Partages<\/span><\/span><\/div>\n<\/div>\n<div class=\"mvp-related-posts left relative\">\n<h4 class=\"post-header\"><span class=\"post-header\">Lire aussi<\/span><\/h4>\n<\/div>\n<\/div>\n<p>Auteur: Mourad S<br \/>\n<a href=\"https:\/\/www.tunisienumerique.com\/tunisievideo-coup-de-gueule-de-mahmoud-baroudi-contre-la-decision-de-la-caf\/\">Cliquez ici pour lire l&rsquo;article depuis sa source.<\/a><\/p>\n","protected":false},"excerpt":{"rendered":"<p>89 Partages L\u2019ancien d\u00e9put\u00e9 de l\u2019Assembl\u00e9e nationale constituante (ANC), Mahmoud Baroudi a d\u00e9nonc\u00e9 la d\u00e9cision de la CAF de rejouer le match de la finale de la Coupe de la Ligue des clubs champions d\u2019Afrique remport\u00e9e vendredi dernier par l\u2019Esp\u00e9rance sportive de Tunis contre le Wydad du Maroc. Baroudi a estim\u00e9 que cette d\u00e9cision a [&hellip;]<\/p>\n","protected":false},"author":1789,"featured_media":39009,"comment_status":"closed","ping_status":"closed","sticky":false,"template":"","format":"standard","meta":{"fifu_image_url":"","fifu_image_alt":"","footnotes":""},"categories":[73,55],"tags":[],"class_list":["post-39008","post","type-post","status-publish","format-standard","has-post-thumbnail","hentry","category-actualite","category-tunisie"],"_links":{"self":[{"href":"https:\/\/linitiative.ca\/International\/wp-json\/wp\/v2\/posts\/39008","targetHints":{"allow":["GET"]}}],"collection":[{"href":"https:\/\/linitiative.ca\/International\/wp-json\/wp\/v2\/posts"}],"about":[{"href":"https:\/\/linitiative.ca\/International\/wp-json\/wp\/v2\/types\/post"}],"author":[{"embeddable":true,"href":"https:\/\/linitiative.ca\/International\/wp-json\/wp\/v2\/users\/1789"}],"replies":[{"embeddable":true,"href":"https:\/\/linitiative.ca\/International\/wp-json\/wp\/v2\/comments?post=39008"}],"version-history":[{"count":0,"href":"https:\/\/linitiative.ca\/International\/wp-json\/wp\/v2\/posts\/39008\/revisions"}],"wp:featuredmedia":[{"embeddable":true,"href":"https:\/\/linitiative.ca\/International\/wp-json\/"}],"wp:attachment":[{"href":"https:\/\/linitiative.ca\/International\/wp-json\/wp\/v2\/media?parent=39008"}],"wp:term":[{"taxonomy":"category","embeddable":true,"href":"https:\/\/linitiative.ca\/International\/wp-json\/wp\/v2\/categories?post=39008"},{"taxonomy":"post_tag","embeddable":true,"href":"https:\/\/linitiative.ca\/International\/wp-json\/wp\/v2\/tags?post=39008"}],"curies":[{"name":"wp","href":"https:\/\/api.w.org\/{rel}","templated":true}]}}