{"id":39011,"date":"2019-06-05T20:20:49","date_gmt":"2019-06-06T00:20:49","guid":{"rendered":"https:\/\/linitiative.ca\/International\/un-leger-mieux-mais-pas-assez-vers-une-legere-attenuation-de-linflation\/"},"modified":"2019-06-05T20:20:49","modified_gmt":"2019-06-06T00:20:49","slug":"un-leger-mieux-mais-pas-assez-vers-une-legere-attenuation-de-linflation","status":"publish","type":"post","link":"https:\/\/linitiative.ca\/International\/un-leger-mieux-mais-pas-assez-vers-une-legere-attenuation-de-linflation\/","title":{"rendered":"Un l\u00e9ger mieux, mais pas assez : Vers une l\u00e9g\u00e8re att\u00e9nuation de l\u2019inflation"},"content":{"rendered":"<p>Les r\u00e9centes pr\u00e9visions tablent sur un taux d\u2019inflation moyen de 7% en 2019 et de 6,7% en 2020, \u00e0 la faveur d\u2019une l\u00e9g\u00e8re d\u00e9tente de la hausse des prix \u00e0 la consommation et ce, apr\u00e8s avoir atteint 7,3% en 2018, indique le rapport sur les \u00e9volutions \u00e9conomiques et mon\u00e9taires et perspectives \u00e0 moyen terme pour le mois de mai, publi\u00e9 par la BCT.<\/p>\n<div>Par principale composante, l\u2019inflation des produits administr\u00e9s devrait se maintenir \u00e0 des niveaux \u00e9lev\u00e9s, en s\u2019\u00e9tablissant \u00e0 4,6% en 2019 et 4,2% en 2020. Ces perspectives r\u00e9sulteraient essentiellement des hausses des prix de l\u2019\u00e9nergie. Quant \u00e0 l\u2019inflation des produits alimentaires frais, l\u2019envol\u00e9e des prix observ\u00e9e durant le premier trimestre 2019 (9,7% en G.A.), devrait s\u2019att\u00e9nuer l\u00e9g\u00e8rement dans la p\u00e9riode \u00e0 venir. Les pr\u00e9visions tablent sur une progression des prix de produits frais en moyenne de 9% en 2019 et 6,7% en 2020, et ce, apr\u00e8s 8,3% enregistr\u00e9e en 2018. Les perspectives haussi\u00e8res des prix des produits frais, notamment en 2019, sont li\u00e9es \u00e0 la hausse quasi-g\u00e9n\u00e9ralis\u00e9e des co\u00fbts de production (dont une grande partie des intrants est import\u00e9e) et de distribution (r\u00e9percussion des \u00e9ventuelles augmentations des prix de l\u2019\u00e9nergie), \u00e0 une offre en baisse et un comportement de marge excessive. Les perspectives de l\u2019inflation sous-jacente, mesur\u00e9e par l\u2019indice des prix \u00e0 la consommation hors produits frais et produits \u00e0 prix administr\u00e9s, se sont am\u00e9lior\u00e9es relativement. Apr\u00e8s avoir atteint un record historique de 8,2% en 2018, le taux d\u2019inflation sous-jacente devrait revenir \u00e0 7,5% en 2019 et 7,6% en 2020. Ce l\u00e9ger apaisement est li\u00e9, notamment, \u00e0 l\u2019att\u00e9nuation du rythme de d\u00e9pr\u00e9ciation du taux de change du dinar durant les derniers mois. Egalement la hausse du taux directeur, en f\u00e9vrier dernier, de 100 points de base devrait contribuer \u00e0 contrecarrer les tensions en provenance de la demande de consommation dans la p\u00e9riode \u00e0 venir. En revanche, d\u2019autres facteurs inflationnistes pourraient freiner une d\u00e9c\u00e9l\u00e9ration plus importante de l\u2019inflation sous-jacente, en 2020, tel que les r\u00e9percussions des hausses pass\u00e9es et attendues des prix de l\u2019\u00e9nergie, des produits alimentaires frais (prix de la restauration) et des prix internationaux des mati\u00e8res premi\u00e8res, souligne le document.<\/div>\n<p class=\"dpsp-share-text\">Partager c&rsquo;est aimer!<\/p>\n<div class=\"wp-post-author-wrap wp-post-author-shortcode left\">\n<h3 class=\"awpa-title\"\/>\n<div class=\"wp-post-author\">\n<div class=\"awpa-img awpa-author-block square\"><a href=\"http:\/\/lexpertjournal.net\/fr\/author\/expert\/\"><img loading=\"lazy\" decoding=\"async\" alt=\"\" src=\"http:\/\/2.gravatar.com\/avatar\/56d99be2a6f97af88ccb49fada637fcd?s=150&#038;d=mm&#038;r=g\" srcset=\"http:\/\/2.gravatar.com\/avatar\/56d99be2a6f97af88ccb49fada637fcd?s=300&#038;d=mm&#038;r=g 2x\" class=\"avatar avatar-150 photo\" height=\"150\" width=\"150\"\/><\/a><\/div>\n<\/div>\n<\/div>\n<p>Auteur: L&rsquo;expert<br \/>\n<a href=\"http:\/\/lexpertjournal.net\/fr\/2019\/06\/06\/un-leger-mieux-mais-pas-assez-vers-une-legere-attenuation-de-linflation\/\">Cliquez ici pour lire l&rsquo;article depuis sa source.<\/a><\/p>\n","protected":false},"excerpt":{"rendered":"<p>Les r\u00e9centes pr\u00e9visions tablent sur un taux d\u2019inflation moyen de 7% en 2019 et de 6,7% en 2020, \u00e0 la faveur d\u2019une l\u00e9g\u00e8re d\u00e9tente de la hausse des prix \u00e0 la consommation et ce, apr\u00e8s avoir atteint 7,3% en 2018, indique le rapport sur les \u00e9volutions \u00e9conomiques et mon\u00e9taires et perspectives \u00e0 moyen terme pour [&hellip;]<\/p>\n","protected":false},"author":1775,"featured_media":0,"comment_status":"closed","ping_status":"closed","sticky":false,"template":"","format":"standard","meta":{"fifu_image_url":"","fifu_image_alt":"","footnotes":""},"categories":[78,55],"tags":[],"class_list":["post-39011","post","type-post","status-publish","format-standard","hentry","category-economie","category-tunisie"],"_links":{"self":[{"href":"https:\/\/linitiative.ca\/International\/wp-json\/wp\/v2\/posts\/39011","targetHints":{"allow":["GET"]}}],"collection":[{"href":"https:\/\/linitiative.ca\/International\/wp-json\/wp\/v2\/posts"}],"about":[{"href":"https:\/\/linitiative.ca\/International\/wp-json\/wp\/v2\/types\/post"}],"author":[{"embeddable":true,"href":"https:\/\/linitiative.ca\/International\/wp-json\/wp\/v2\/users\/1775"}],"replies":[{"embeddable":true,"href":"https:\/\/linitiative.ca\/International\/wp-json\/wp\/v2\/comments?post=39011"}],"version-history":[{"count":0,"href":"https:\/\/linitiative.ca\/International\/wp-json\/wp\/v2\/posts\/39011\/revisions"}],"wp:attachment":[{"href":"https:\/\/linitiative.ca\/International\/wp-json\/wp\/v2\/media?parent=39011"}],"wp:term":[{"taxonomy":"category","embeddable":true,"href":"https:\/\/linitiative.ca\/International\/wp-json\/wp\/v2\/categories?post=39011"},{"taxonomy":"post_tag","embeddable":true,"href":"https:\/\/linitiative.ca\/International\/wp-json\/wp\/v2\/tags?post=39011"}],"curies":[{"name":"wp","href":"https:\/\/api.w.org\/{rel}","templated":true}]}}