{"id":39013,"date":"2019-06-06T04:54:59","date_gmt":"2019-06-06T08:54:59","guid":{"rendered":"https:\/\/linitiative.ca\/International\/tunisie-le-courant-populaire-qualifie-imed-daimi-de-symbole-du-sabotage-politique\/"},"modified":"2019-06-06T04:54:59","modified_gmt":"2019-06-06T08:54:59","slug":"tunisie-le-courant-populaire-qualifie-imed-daimi-de-symbole-du-sabotage-politique","status":"publish","type":"post","link":"https:\/\/linitiative.ca\/International\/tunisie-le-courant-populaire-qualifie-imed-daimi-de-symbole-du-sabotage-politique\/","title":{"rendered":"Tunisie: Le Courant populaire qualifie Imed Daimi de \u201csymbole du sabotage\u201d politique"},"content":{"rendered":"<div class=\"post-cont-in left relative\">\n<div class=\"swp_social_panel swp_horizontal_panel swp_flat_fresh swp_default_full_color swp_individual_full_color swp_other_full_color scale-100 scale-\" data-min-width=\"1100\" data-float-color=\"#ffffff\" data-float=\"none\" data-float-mobile=\"none\" data-transition=\"slide\">\n<div class=\"nc_tweetContainer swp_share_button total_shares total_sharesalt\"><span class=\"swp_count\">31 <span class=\"swp_label\">Partages<\/span><\/span><\/div>\n<\/div>\n<p>Le Courant populaire a estim\u00e9 que les propos du\u00a0d\u00e9put\u00e9 Imed Daimi concernant le\u00a0martyr Chokri Belaid est \u201cune grave atteinte et n\u2019est qu\u2019un \u00e9pisode du sabotage politique et moral syst\u00e9matique dont le Daimi a toujours \u00e9t\u00e9 l\u2019un des symboles\u201d.<\/p>\n<p>Dans un communiqu\u00e9 publi\u00e9 jeudi, le parti a exprim\u00e9 sa ferme condamnation et sa d\u00e9nonciation totale de l\u2019animosit\u00e9 dont a \u00e9t\u00e9 victime le martyr Chokri Belaid .<\/p>\n<div class=\"code-block code-block-1 c3\"><ins class=\"adsbygoogle c2\" data-ad-layout=\"in-article\" data-ad-format=\"fluid\" data-ad-client=\"ca-pub-2102118777505746\" data-ad-slot=\"7301775417\"\/> <\/div>\n<p>Il a soulign\u00e9 que le martyr Chokri Belaid restera au-dessus des divergences, quelle que soit la situation \u00e0 l\u2019int\u00e9rieur ou \u00e0 l\u2019ext\u00e9rieur du Front populaire.<br \/>On rappelle que le d\u00e9put\u00e9 Imed Daimi a accus\u00e9 le Chokri Belaid d\u2019avoir collabor\u00e9 avec Ben Ali.<\/p>\n<div class=\"mvp-org-wrap mvp-org-logo\" itemprop=\"publisher\" itemscope=\"\" itemtype=\"https:\/\/schema.org\/Organization\"><img decoding=\"async\" src=\"https:\/\/www.tunisienumerique.com\/wp-content\/uploads\/2017\/02\/logo_tunisie_numerique.png\"\/><\/div>\n<div class=\"swp_social_panel swp_horizontal_panel swp_flat_fresh swp_default_full_color swp_individual_full_color swp_other_full_color scale-100 scale-\" data-min-width=\"1100\" data-float-color=\"#ffffff\" data-float=\"none\" data-float-mobile=\"none\" data-transition=\"slide\">\n<div class=\"nc_tweetContainer swp_share_button total_shares total_sharesalt\"><span class=\"swp_count\">31 <span class=\"swp_label\">Partages<\/span><\/span><\/div>\n<\/div>\n<div class=\"mvp-related-posts left relative\">\n<h4 class=\"post-header\"><span class=\"post-header\">Lire aussi<\/span><\/h4>\n<\/div>\n<\/div>\n<p>Auteur: Mourad S<br \/>\n<a href=\"https:\/\/www.tunisienumerique.com\/tunisie-le-courant-populaire-qualifie-imed-daimi-de-symbole-du-sabotage-politique\/\">Cliquez ici pour lire l&rsquo;article depuis sa source.<\/a><\/p>\n","protected":false},"excerpt":{"rendered":"<p>31 Partages Le Courant populaire a estim\u00e9 que les propos du\u00a0d\u00e9put\u00e9 Imed Daimi concernant le\u00a0martyr Chokri Belaid est \u201cune grave atteinte et n\u2019est qu\u2019un \u00e9pisode du sabotage politique et moral syst\u00e9matique dont le Daimi a toujours \u00e9t\u00e9 l\u2019un des symboles\u201d. Dans un communiqu\u00e9 publi\u00e9 jeudi, le parti a exprim\u00e9 sa ferme condamnation et sa d\u00e9nonciation [&hellip;]<\/p>\n","protected":false},"author":1789,"featured_media":39014,"comment_status":"closed","ping_status":"closed","sticky":false,"template":"","format":"standard","meta":{"fifu_image_url":"","fifu_image_alt":"","footnotes":""},"categories":[73,55],"tags":[],"class_list":["post-39013","post","type-post","status-publish","format-standard","has-post-thumbnail","hentry","category-actualite","category-tunisie"],"_links":{"self":[{"href":"https:\/\/linitiative.ca\/International\/wp-json\/wp\/v2\/posts\/39013","targetHints":{"allow":["GET"]}}],"collection":[{"href":"https:\/\/linitiative.ca\/International\/wp-json\/wp\/v2\/posts"}],"about":[{"href":"https:\/\/linitiative.ca\/International\/wp-json\/wp\/v2\/types\/post"}],"author":[{"embeddable":true,"href":"https:\/\/linitiative.ca\/International\/wp-json\/wp\/v2\/users\/1789"}],"replies":[{"embeddable":true,"href":"https:\/\/linitiative.ca\/International\/wp-json\/wp\/v2\/comments?post=39013"}],"version-history":[{"count":0,"href":"https:\/\/linitiative.ca\/International\/wp-json\/wp\/v2\/posts\/39013\/revisions"}],"wp:featuredmedia":[{"embeddable":true,"href":"https:\/\/linitiative.ca\/International\/wp-json\/"}],"wp:attachment":[{"href":"https:\/\/linitiative.ca\/International\/wp-json\/wp\/v2\/media?parent=39013"}],"wp:term":[{"taxonomy":"category","embeddable":true,"href":"https:\/\/linitiative.ca\/International\/wp-json\/wp\/v2\/categories?post=39013"},{"taxonomy":"post_tag","embeddable":true,"href":"https:\/\/linitiative.ca\/International\/wp-json\/wp\/v2\/tags?post=39013"}],"curies":[{"name":"wp","href":"https:\/\/api.w.org\/{rel}","templated":true}]}}