{"id":39017,"date":"2019-06-06T05:34:38","date_gmt":"2019-06-06T09:34:38","guid":{"rendered":"https:\/\/linitiative.ca\/International\/egypte-elimination-de-14-terroristes-impliques-dans-lattaque-contre-des-securitaires-au-sinai\/"},"modified":"2019-06-06T05:34:38","modified_gmt":"2019-06-06T09:34:38","slug":"egypte-elimination-de-14-terroristes-impliques-dans-lattaque-contre-des-securitaires-au-sinai","status":"publish","type":"post","link":"https:\/\/linitiative.ca\/International\/egypte-elimination-de-14-terroristes-impliques-dans-lattaque-contre-des-securitaires-au-sinai\/","title":{"rendered":"Egypte: Elimination de 14 terroristes impliqu\u00e9s dans l\u2019attaque contre des s\u00e9curitaires au Sina\u00ef"},"content":{"rendered":"<div class=\"post-cont-in left relative\">\n<div class=\"swp_social_panel swp_horizontal_panel swp_flat_fresh swp_default_full_color swp_individual_full_color swp_other_full_color scale-100 scale-\" data-min-width=\"1100\" data-float-color=\"#ffffff\" data-float=\"none\" data-float-mobile=\"none\" data-transition=\"slide\">\n<div class=\"nc_tweetContainer swp_share_button total_shares total_sharesalt\"><span class=\"swp_count\">2 <span class=\"swp_label\">Partages<\/span><\/span><\/div>\n<\/div>\n<p>Le minist\u00e8re \u00e9gyptien de l\u2019Int\u00e9rieur a annonc\u00e9 la liquidation de 14 terroristes dans la ville d\u2019Arich, au nord-est du Sina\u00ef, impliqu\u00e9s dans une attaque meurtri\u00e8re visant une barri\u00e8re de s\u00e9curit\u00e9 dans la ville.<\/p>\n<p>Le minist\u00e8re a d\u00e9clar\u00e9 dans un communiqu\u00e9 que \u201cdans le cadre de la poursuite des terroristes impliqu\u00e9s dans l\u2019attaque de l\u2019embuscade s\u00e9curitaire, \u00e0 l\u2019aube du 5 juin 2019, la traque a permis d\u2019identifier un groupe de terroristes \u00e0 l\u2019int\u00e9rieur d\u2019une maison abandonn\u00e9e\u201d.<\/p>\n<div class=\"code-block code-block-1 c3\"><ins class=\"adsbygoogle c2\" data-ad-layout=\"in-article\" data-ad-format=\"fluid\" data-ad-client=\"ca-pub-2102118777505746\" data-ad-slot=\"7301775417\"\/> <\/div>\n<p>\u201cLors du raid, les\u00a0 terroristes ont tir\u00e9 sur les forces de police qui ont r\u00e9pliqu\u00e9, entra\u00eenant la mort de 14 hommes arm\u00e9s et la saisie de 14 fusils automatiques, de 3 engins explosifs et de deux ceintures explosives.\u201d<\/p>\n<div class=\"mvp-org-wrap mvp-org-logo\" itemprop=\"publisher\" itemscope=\"\" itemtype=\"https:\/\/schema.org\/Organization\"><img decoding=\"async\" src=\"https:\/\/www.tunisienumerique.com\/wp-content\/uploads\/2017\/02\/logo_tunisie_numerique.png\"\/><\/div>\n<div class=\"swp_social_panel swp_horizontal_panel swp_flat_fresh swp_default_full_color swp_individual_full_color swp_other_full_color scale-100 scale-\" data-min-width=\"1100\" data-float-color=\"#ffffff\" data-float=\"none\" data-float-mobile=\"none\" data-transition=\"slide\">\n<div class=\"nc_tweetContainer swp_share_button total_shares total_sharesalt\"><span class=\"swp_count\">2 <span class=\"swp_label\">Partages<\/span><\/span><\/div>\n<\/div>\n<div class=\"mvp-related-posts left relative\">\n<h4 class=\"post-header\"><span class=\"post-header\">Lire aussi<\/span><\/h4>\n<\/div>\n<\/div>\n<p>Auteur: Mourad S<br \/>\n<a href=\"https:\/\/www.tunisienumerique.com\/egypte-elimination-de-14-terroristes-impliques-dans-lattaque-contre-des-securitaires-au-sinai\/\">Cliquez ici pour lire l&rsquo;article depuis sa source.<\/a><\/p>\n","protected":false},"excerpt":{"rendered":"<p>2 Partages Le minist\u00e8re \u00e9gyptien de l\u2019Int\u00e9rieur a annonc\u00e9 la liquidation de 14 terroristes dans la ville d\u2019Arich, au nord-est du Sina\u00ef, impliqu\u00e9s dans une attaque meurtri\u00e8re visant une barri\u00e8re de s\u00e9curit\u00e9 dans la ville. Le minist\u00e8re a d\u00e9clar\u00e9 dans un communiqu\u00e9 que \u201cdans le cadre de la poursuite des terroristes impliqu\u00e9s dans l\u2019attaque de [&hellip;]<\/p>\n","protected":false},"author":1789,"featured_media":39018,"comment_status":"closed","ping_status":"closed","sticky":false,"template":"","format":"standard","meta":{"fifu_image_url":"","fifu_image_alt":"","footnotes":""},"categories":[73,55],"tags":[],"class_list":["post-39017","post","type-post","status-publish","format-standard","has-post-thumbnail","hentry","category-actualite","category-tunisie"],"_links":{"self":[{"href":"https:\/\/linitiative.ca\/International\/wp-json\/wp\/v2\/posts\/39017","targetHints":{"allow":["GET"]}}],"collection":[{"href":"https:\/\/linitiative.ca\/International\/wp-json\/wp\/v2\/posts"}],"about":[{"href":"https:\/\/linitiative.ca\/International\/wp-json\/wp\/v2\/types\/post"}],"author":[{"embeddable":true,"href":"https:\/\/linitiative.ca\/International\/wp-json\/wp\/v2\/users\/1789"}],"replies":[{"embeddable":true,"href":"https:\/\/linitiative.ca\/International\/wp-json\/wp\/v2\/comments?post=39017"}],"version-history":[{"count":0,"href":"https:\/\/linitiative.ca\/International\/wp-json\/wp\/v2\/posts\/39017\/revisions"}],"wp:featuredmedia":[{"embeddable":true,"href":"https:\/\/linitiative.ca\/International\/wp-json\/"}],"wp:attachment":[{"href":"https:\/\/linitiative.ca\/International\/wp-json\/wp\/v2\/media?parent=39017"}],"wp:term":[{"taxonomy":"category","embeddable":true,"href":"https:\/\/linitiative.ca\/International\/wp-json\/wp\/v2\/categories?post=39017"},{"taxonomy":"post_tag","embeddable":true,"href":"https:\/\/linitiative.ca\/International\/wp-json\/wp\/v2\/tags?post=39017"}],"curies":[{"name":"wp","href":"https:\/\/api.w.org\/{rel}","templated":true}]}}