{"id":39020,"date":"2019-06-06T07:15:36","date_gmt":"2019-06-06T11:15:36","guid":{"rendered":"https:\/\/linitiative.ca\/International\/football-le-president-de-la-caf-interpelle-a-paris\/"},"modified":"2019-06-06T07:15:36","modified_gmt":"2019-06-06T11:15:36","slug":"football-le-president-de-la-caf-interpelle-a-paris","status":"publish","type":"post","link":"https:\/\/linitiative.ca\/International\/football-le-president-de-la-caf-interpelle-a-paris\/","title":{"rendered":"Football : Le pr\u00e9sident de la CAF interpell\u00e9 \u00e0 Paris"},"content":{"rendered":"<div class=\"nc_socialPanel swp_flatFresh swp_d_fullColor swp_i_fullColor swp_o_fullColor scale-100 scale-fullWidth\" data-position=\"none\" data-float=\"floatNone\" data-count=\"5\" data-floatcolor=\"#ffffff\" data-emphasize=\"0\">\n<div class=\"nc_tweetContainer totes totesalt\" data-id=\"6\"><span class=\"swp_count\"><span class=\"swp_label\">Partages<\/span> 0<\/span><\/div>\n<\/div>\n<p>Le pr\u00e9sident de la Conf\u00e9d\u00e9ration africaine de football (CAF) Ahmad\u00a0Ahmad\u00a0a \u00e9t\u00e9 interpell\u00e9 ce jeudi matin, dans un h\u00f4tel \u00e0 Paris o\u00f9 il s\u00e9journait pour assister au congr\u00e8s de la FIFA.<\/p>\n<p>Ahmad\u00a0Ahmad\u00a0a \u00e9t\u00e9\u00a0apr\u00e9hend\u00e9\u00a0vers (08h30) \u00e0 l\u2019h\u00f4tel Berri, \u00e0 Paris, pour \u00eatre entendu par les services de l\u2019Office central de lutte contre la corruption et les infractions financi\u00e8res et fiscales (Oclif), selon\u00a0l\u2019hebdomadaire\u00a0\u201cJeune Afrique\u201d. Selon la m\u00eame source, cette interpellation serait li\u00e9e au\u00a0contrat rompu unilat\u00e9ralement par la CAF avec l\u2019\u00e9quipementier allemand Puma\u00a0pour s\u2019engager avec la soci\u00e9t\u00e9\u00a0Technical\u00a0Steel, bas\u00e9e \u00e0 La Seyne-sur-Mer.<\/p>\n<div class=\"code-block code-block-1 c5\"><ins class=\"adsbygoogle c4\" data-ad-layout=\"in-article\" data-ad-format=\"fluid\" data-ad-client=\"ca-pub-2102118777505746\" data-ad-slot=\"7301775417\"\/> <\/div>\n<p>\u201cJeune Afrique\u201d a indiqu\u00e9 qu\u2019 \u201cune signature de contrat qui, selon l\u2019ex-secr\u00e9taire g\u00e9n\u00e9ral de l\u2019instance continentale, Amr\u00a0Fahmy aurait \u00e9t\u00e9 favoris\u00e9e par la proximit\u00e9 entre Ahmad\u00a0Ahmad\u00a0et l\u2019un des dirigeants de l\u2019entreprise fran\u00e7aise et dont le surco\u00fbt atteindrait 830 000 dollars (739 000 euros). \u00ab\u00a0Toutes les d\u00e9cisions ont \u00e9t\u00e9 prises de mani\u00e8re coll\u00e9giale\u00a0\u00bb et \u00ab\u00a0transparente\u00a0\u00bb, s\u2019\u00e9tait d\u00e9fendu mi-avril le patron du foot africain.\u201d<\/p>\n<div class=\"mvp-org-wrap mvp-org-logo\" itemprop=\"publisher\" itemscope=\"\" itemtype=\"https:\/\/schema.org\/Organization\"><img decoding=\"async\" src=\"https:\/\/sport.tunisienumerique.com\/wp-content\/uploads\/2017\/05\/logo_tunisie_numerique.png\"\/><\/div>\n<div class=\"nc_socialPanel swp_flatFresh swp_d_fullColor swp_i_fullColor swp_o_fullColor scale-100 scale-fullWidth\" data-position=\"none\" data-float=\"floatNone\" data-count=\"5\" data-floatcolor=\"#ffffff\" data-emphasize=\"0\">\n<div class=\"nc_tweetContainer totes totesalt\" data-id=\"6\"><span class=\"swp_count\"><span class=\"swp_label\">Partages<\/span> 0<\/span><\/div>\n<\/div>\n<div class=\"mvp-related-posts left relative\">\n<h4 class=\"post-header\"><span class=\"post-header\">Lire aussi<\/span><\/h4>\n<\/div>\n<p>Auteur: a.<br \/>\n<a href=\"https:\/\/sport.tunisienumerique.com\/football-president-de-caf-interpelle-a-paris\/\">Cliquez ici pour lire l&rsquo;article depuis sa source.<\/a><\/p>\n","protected":false},"excerpt":{"rendered":"<p>Partages 0 Le pr\u00e9sident de la Conf\u00e9d\u00e9ration africaine de football (CAF) Ahmad\u00a0Ahmad\u00a0a \u00e9t\u00e9 interpell\u00e9 ce jeudi matin, dans un h\u00f4tel \u00e0 Paris o\u00f9 il s\u00e9journait pour assister au congr\u00e8s de la FIFA. Ahmad\u00a0Ahmad\u00a0a \u00e9t\u00e9\u00a0apr\u00e9hend\u00e9\u00a0vers (08h30) \u00e0 l\u2019h\u00f4tel Berri, \u00e0 Paris, pour \u00eatre entendu par les services de l\u2019Office central de lutte contre la corruption et [&hellip;]<\/p>\n","protected":false},"author":1789,"featured_media":39021,"comment_status":"closed","ping_status":"closed","sticky":false,"template":"","format":"standard","meta":{"fifu_image_url":"","fifu_image_alt":"","footnotes":""},"categories":[73,55],"tags":[],"class_list":["post-39020","post","type-post","status-publish","format-standard","has-post-thumbnail","hentry","category-actualite","category-tunisie"],"_links":{"self":[{"href":"https:\/\/linitiative.ca\/International\/wp-json\/wp\/v2\/posts\/39020","targetHints":{"allow":["GET"]}}],"collection":[{"href":"https:\/\/linitiative.ca\/International\/wp-json\/wp\/v2\/posts"}],"about":[{"href":"https:\/\/linitiative.ca\/International\/wp-json\/wp\/v2\/types\/post"}],"author":[{"embeddable":true,"href":"https:\/\/linitiative.ca\/International\/wp-json\/wp\/v2\/users\/1789"}],"replies":[{"embeddable":true,"href":"https:\/\/linitiative.ca\/International\/wp-json\/wp\/v2\/comments?post=39020"}],"version-history":[{"count":0,"href":"https:\/\/linitiative.ca\/International\/wp-json\/wp\/v2\/posts\/39020\/revisions"}],"wp:featuredmedia":[{"embeddable":true,"href":"https:\/\/linitiative.ca\/International\/wp-json\/"}],"wp:attachment":[{"href":"https:\/\/linitiative.ca\/International\/wp-json\/wp\/v2\/media?parent=39020"}],"wp:term":[{"taxonomy":"category","embeddable":true,"href":"https:\/\/linitiative.ca\/International\/wp-json\/wp\/v2\/categories?post=39020"},{"taxonomy":"post_tag","embeddable":true,"href":"https:\/\/linitiative.ca\/International\/wp-json\/wp\/v2\/tags?post=39020"}],"curies":[{"name":"wp","href":"https:\/\/api.w.org\/{rel}","templated":true}]}}