{"id":39026,"date":"2019-06-06T04:03:08","date_gmt":"2019-06-06T08:03:08","guid":{"rendered":"https:\/\/linitiative.ca\/International\/chlef-debut-dattribution-de-2000-logements-aadl\/"},"modified":"2019-06-06T04:03:08","modified_gmt":"2019-06-06T08:03:08","slug":"chlef-debut-dattribution-de-2000-logements-aadl","status":"publish","type":"post","link":"https:\/\/linitiative.ca\/International\/chlef-debut-dattribution-de-2000-logements-aadl\/","title":{"rendered":"Chlef\u00a0 : D\u00e9but d\u2019attribution de 2000 logements AADL"},"content":{"rendered":"<h4 class=\"title-14\"\/>\n<div class=\"featured_image\"><img width=\"800\" height=\"419\" data-cfsrc=\"https:\/\/www.elwatan.com\/wp-content\/uploads\/2019\/06\/Sans-titre-1-14.jpg\" class=\"attachment-post-thumbnail size-post-thumbnail wp-post-image c1\" alt=\"\" srcset=\"https:\/\/www.elwatan.com\/wp-content\/uploads\/2019\/06\/Sans-titre-1-14.jpg 800w, https:\/\/www.elwatan.com\/wp-content\/uploads\/2019\/06\/Sans-titre-1-14-300x157.jpg 300w, https:\/\/www.elwatan.com\/wp-content\/uploads\/2019\/06\/Sans-titre-1-14-768x402.jpg 768w\" sizes=\"(max-width: 800px) 100vw, 800px\"\/><noscript><\/p>\n<p><img loading=\"lazy\" decoding=\"async\" width=\"800\" height=\"419\" src=\"https:\/\/www.elwatan.com\/wp-content\/uploads\/2019\/06\/Sans-titre-1-14.jpg\" class=\"attachment-post-thumbnail size-post-thumbnail wp-post-image\" alt=\"\" srcset=\"https:\/\/www.elwatan.com\/wp-content\/uploads\/2019\/06\/Sans-titre-1-14.jpg 800w, https:\/\/www.elwatan.com\/wp-content\/uploads\/2019\/06\/Sans-titre-1-14-300x157.jpg 300w, https:\/\/www.elwatan.com\/wp-content\/uploads\/2019\/06\/Sans-titre-1-14-768x402.jpg 768w\" sizes=\"auto, (max-width: 800px) 100vw, 800px\"\/><\/p>\n<p><\/noscript><\/div>\n<p class=\"p4\"><span class=\"s4\">L\u2019op\u00e9ration est venue \u00e0 point nomm\u00e9 pour soulager les souscripteurs qui attendent, depuis longtemps, de recevoir leurs cl\u00e9s sur le site en question.<\/span><\/p>\n<p class=\"p4\"><span class=\"s5\"><strong>L<\/strong><\/span><span class=\"s4\">\u2019attribution progressive des 2000 logements AADL d\u2019El Hassania, dans la commune de Chef, a repris, samedi dernier, par la distribution des d\u00e9cisions d\u2019affectation aux b\u00e9n\u00e9ficiaires d\u2019un quota de 105 appartements, ce qui porte \u00e0 511 le nombre de logements de ce type octroy\u00e9s jusqu\u2019\u00e0 maintenant.<\/span><\/p>\n<p class=\"p4\"><span class=\"s4\">La c\u00e9r\u00e9monie a \u00e9t\u00e9 pr\u00e9sid\u00e9e par le chef de l\u2019ex\u00e9cutif de wilaya, en pr\u00e9sence des autorit\u00e9s locales, des cadres du secteur et des familles concern\u00e9es. La directrice du logement, Mme Nacera Houari, ne cachait pas sa satisfaction quant \u00e0 l\u2019aboutissement d\u2019un projet de cette envergure, qui constitue une nouvelle cit\u00e9 urbaine \u00e0 la p\u00e9riph\u00e9rie sud de la ville de Chlef.<\/span><\/p>\n<p class=\"p4\"><span class=\"s4\">L\u2019op\u00e9ration est venue \u00e0 point nomm\u00e9 pour soulager les souscripteurs qui attendent depuis longtemps de recevoir leurs cl\u00e9s sur le site en question. Le chef des projets AADL dans la wilaya de Chlef, Mohamed Benyoucef, a tenu \u00e0 rassurer les demandeurs retenus qu\u2019un calendrier d\u2019affectation des logements restants de la tranche des 2000 unit\u00e9s d\u2019El Hassania sera arr\u00eat\u00e9 apr\u00e8s les f\u00eates de l\u2019A\u00efd El Fitr et communiqu\u00e9 aux concern\u00e9s.<\/span><\/p>\n<p class=\"p4\"><span class=\"s4\">Il a pr\u00e9cis\u00e9 \u00e0 ce propos que toutes les mesures n\u00e9cessaires ont \u00e9t\u00e9 prises pour achever ce qui reste de cet ensemble de logements AADL et poursuivre leur distribution dans les meilleurs d\u00e9lais possibles. Lors de notre pr\u00e9sence sur le site, nous avons constat\u00e9 que le chantier a \u00e9t\u00e9 renforc\u00e9 par l\u2019entreprise de construction des b\u00e2timents R+5 afin d\u2019achever rapidement le chantier, pendant que d\u2019autres intervenants s\u2019affairaient \u00e0 terminer les diff\u00e9rents r\u00e9seaux et l\u2019am\u00e9nagement ext\u00e9rieur.<\/span><\/p>\n<p class=\"p4\"><span class=\"s4\">Le chef de l\u2019ex\u00e9cutif de wilaya s\u2019est d\u00e9plac\u00e9, \u00e0 plusieurs reprises, sur le terrain pour s\u2019enqu\u00e9rir de l\u2019\u00e9tat d\u2019avancement du projet. Le chef des projets AADL a aussi \u0153uvr\u00e9 pour lancer les chantiers et veiller au respect des d\u00e9lais contractuels, en d\u00e9pit de facteurs externes d\u00e9favorables.<\/span><\/p>\n<p class=\"p4\"><span class=\"s4\">Il a, par ailleurs, signal\u00e9 que le programme des 400 logements de Boukadir a \u00e9t\u00e9 livr\u00e9 dans sa totalit\u00e9, auquel viendront s\u2019ajouter d\u2019autres lots dans d\u2019autres communes, \u00e0 l\u2019image des 400 unit\u00e9s r\u00e9alis\u00e9es \u00e0 l\u2019ouest de la ville c\u00f4ti\u00e8re de T\u00e9n\u00e8s.<\/span><\/p>\n<p class=\"p4\"><span class=\"s4\">Dans l\u2019ensemble, le chef des projets AADL a exprim\u00e9 sa satisfaction quant \u00e0 la r\u00e9alisation des 8200 unit\u00e9s AADL accord\u00e9es \u00e0 la wilaya depuis 2014 au titre des diff\u00e9rents programmes d\u2019habitat. Parmi eux, figurent les 3500 unit\u00e9s lanc\u00e9es en octobre dernier \u00e0 Oued Sly, \u00e0 5 km \u00e0 l\u2019ouest de Chlef.<\/span><\/p>\n<p><span class=\"post-views-label\">Post Views:<\/span> <span class=\"post-views-count\">0<\/span><\/p>\n<p>Auteur: Anis Khecheba<br \/>\n<a href=\"https:\/\/www.elwatan.com\/regions\/ouest\/chlef\/chlef-debut-dattribution-de-2000-logements-aadl-06-06-2019\">Cliquez ici pour lire l&rsquo;article depuis sa source.<\/a><\/p>\n","protected":false},"excerpt":{"rendered":"<p>L\u2019op\u00e9ration est venue \u00e0 point nomm\u00e9 pour soulager les souscripteurs qui attendent, depuis longtemps, de recevoir leurs cl\u00e9s sur le site en question. L\u2019attribution progressive des 2000 logements AADL d\u2019El Hassania, dans la commune de Chef, a repris, samedi dernier, par la distribution des d\u00e9cisions d\u2019affectation aux b\u00e9n\u00e9ficiaires d\u2019un quota de 105 appartements, ce qui [&hellip;]<\/p>\n","protected":false},"author":1743,"featured_media":39027,"comment_status":"closed","ping_status":"closed","sticky":false,"template":"","format":"standard","meta":{"fifu_image_url":"","fifu_image_alt":"","footnotes":""},"categories":[73,53],"tags":[],"class_list":["post-39026","post","type-post","status-publish","format-standard","has-post-thumbnail","hentry","category-actualite","category-algerie"],"_links":{"self":[{"href":"https:\/\/linitiative.ca\/International\/wp-json\/wp\/v2\/posts\/39026","targetHints":{"allow":["GET"]}}],"collection":[{"href":"https:\/\/linitiative.ca\/International\/wp-json\/wp\/v2\/posts"}],"about":[{"href":"https:\/\/linitiative.ca\/International\/wp-json\/wp\/v2\/types\/post"}],"author":[{"embeddable":true,"href":"https:\/\/linitiative.ca\/International\/wp-json\/wp\/v2\/users\/1743"}],"replies":[{"embeddable":true,"href":"https:\/\/linitiative.ca\/International\/wp-json\/wp\/v2\/comments?post=39026"}],"version-history":[{"count":0,"href":"https:\/\/linitiative.ca\/International\/wp-json\/wp\/v2\/posts\/39026\/revisions"}],"wp:featuredmedia":[{"embeddable":true,"href":"https:\/\/linitiative.ca\/International\/wp-json\/"}],"wp:attachment":[{"href":"https:\/\/linitiative.ca\/International\/wp-json\/wp\/v2\/media?parent=39026"}],"wp:term":[{"taxonomy":"category","embeddable":true,"href":"https:\/\/linitiative.ca\/International\/wp-json\/wp\/v2\/categories?post=39026"},{"taxonomy":"post_tag","embeddable":true,"href":"https:\/\/linitiative.ca\/International\/wp-json\/wp\/v2\/tags?post=39026"}],"curies":[{"name":"wp","href":"https:\/\/api.w.org\/{rel}","templated":true}]}}