{"id":39030,"date":"2019-06-06T04:03:38","date_gmt":"2019-06-06T08:03:38","guid":{"rendered":"https:\/\/linitiative.ca\/International\/corniche-du-chenoua-tipasa-les-citoyens-determines-bloquent-lacces\/"},"modified":"2019-06-06T04:03:38","modified_gmt":"2019-06-06T08:03:38","slug":"corniche-du-chenoua-tipasa-les-citoyens-determines-bloquent-lacces","status":"publish","type":"post","link":"https:\/\/linitiative.ca\/International\/corniche-du-chenoua-tipasa-les-citoyens-determines-bloquent-lacces\/","title":{"rendered":"Corniche du Chenoua (Tipasa) : Les citoyens, d\u00e9termin\u00e9s, bloquent l\u2019acc\u00e8s"},"content":{"rendered":"<h4 class=\"title-14\"\/>\n<div class=\"featured_image\"><img width=\"400\" height=\"194\" data-cfsrc=\"https:\/\/www.elwatan.com\/wp-content\/uploads\/2019\/06\/CHENOUA.jpg\" class=\"attachment-post-thumbnail size-post-thumbnail wp-post-image c1\" alt=\"\" srcset=\"https:\/\/www.elwatan.com\/wp-content\/uploads\/2019\/06\/CHENOUA.jpg 400w, https:\/\/www.elwatan.com\/wp-content\/uploads\/2019\/06\/CHENOUA-300x146.jpg 300w\" sizes=\"(max-width: 400px) 100vw, 400px\"\/><noscript><\/p>\n<p><img loading=\"lazy\" decoding=\"async\" width=\"400\" height=\"194\" src=\"https:\/\/www.elwatan.com\/wp-content\/uploads\/2019\/06\/CHENOUA.jpg\" class=\"attachment-post-thumbnail size-post-thumbnail wp-post-image\" alt=\"\" srcset=\"https:\/\/www.elwatan.com\/wp-content\/uploads\/2019\/06\/CHENOUA.jpg 400w, https:\/\/www.elwatan.com\/wp-content\/uploads\/2019\/06\/CHENOUA-300x146.jpg 300w\" sizes=\"auto, (max-width: 400px) 100vw, 400px\"\/><\/p>\n<p><\/noscript><\/div>\n<p class=\"p3\"><span class=\"s3\"><strong>L<\/strong><\/span>es habitants du mont Chenoua ont d\u00e9cid\u00e9 de bloquer l\u2019acc\u00e8s \u00e0 la corniche du Chenoua (CW 109). Une \u00e9paisse fum\u00e9e se d\u00e9gageait de la route bitum\u00e9e. Troncs d\u2019arbres, branches, cailloux et pneus sont mis sur la route. Les manifestants \u00e9taient tr\u00e8s nombreux, frustr\u00e9s par leur marginalisation. La concession des plages est \u00e0 l\u2019origine de ce coup de col\u00e8re des habitants de Chenoua.<\/p>\n<p class=\"p3\">Il nous a \u00e9t\u00e9 tr\u00e8s difficile de discuter avec ces manifestants,<span class=\"Apple-converted-space\">\u00a0<\/span> en ce milieu d\u2019apr\u00e8s-midi du dimanche 2 juin. Des adolescents<span class=\"Apple-converted-space\">\u00a0<\/span> criaient, au moment o\u00f9 des adultes nous faisaient part de leurs revendications. Les v\u00e9hicules de la Gendarmerie nationale sont stationn\u00e9s \u00e0 quelques dizaines de m\u00e8tres des manifestants.<\/p>\n<p class=\"p3\"><em>\u00abNous n\u2019avons pas de travail, nous arrivons \u00e0 passer le mois de Ramadhan difficilement, nous n\u2019avons m\u00eame pas pu acheter des v\u00eatements pour nos enfants, nous disent nos interlocuteurs, nous sommes partis voir le P\/APC de Tipasa pour lui demander de nous permettre d\u2019exploiter les plages durant la saison estivale, ils nous ont ramen\u00e9 les \u00e9l\u00e9ments de la BRI qui nous ont menac\u00e9s\u00bb,<\/em> ajoutent-ils.<\/p>\n<p class=\"p3\"><em>\u00abLe P\/APC n\u2019a pas eu l\u2019audace de venir nous affronter dans son bureau, nous voulons savoir pourquoi ces autorit\u00e9s nous excluent \u00e0 chaque fois qu\u2019il s\u2019agit d\u2019exploiter les plages du Chenoua, nous voulons gagner notre pain, nous en avons marre du ch\u00f4mage et de la mis\u00e8re sociale\u00bb,<\/em> expliquent-ils.<\/p>\n<p class=\"p3\"><em>\u00abNi travail ni logement pour nous habitants du Chenoua, l\u2019ann\u00e9e pass\u00e9e, l\u2019ex-wali avait impos\u00e9 des personnes pour exploiter nos plages, l\u2019actuel wali fait de m\u00eame, maintenant nous leur dirons que nous ne partirons pas d\u2019ici malgr\u00e9 le Ramadhan jusqu\u2019\u00e0 ce qu\u2019ils nous trouvent une solution.<\/em><\/p>\n<p class=\"p3\"><em>Les autorit\u00e9s nous ont avanc\u00e9 un prix de six millions de dinars pour nous faire fuir, SVP, inscrivez tout ce que nous vous avons d\u00e9clar\u00e9, il y a des infrastructures publiques ici \u00e0 Chenoua qui avaient recrut\u00e9 des personnes qui habitent en dehors de Tipasa, il y a m\u00eame des retrait\u00e9s militaires, des gendarmes et des policiers parmi les recrut\u00e9s, ils ont trouv\u00e9 des logements ici, c\u2019est devenu insupportable, nous ne pouvons plus \u00e9lever nos enfants, nous \u00e9touffons\u00bb<\/em>, concluent nos interlocuteurs fous de rage \u00e0 cause du m\u00e9pris affich\u00e9 \u00e0 leur \u00e9gard par les autorit\u00e9s locales, tout en fustigeant les employ\u00e9s corrompus qui gravitent au sein de l\u2019APC de Tipasa.<\/p>\n<p class=\"p3\">Contact\u00e9 par nos soins, le chef de da\u00efra de Tipasa nous pr\u00e9cise : <em>\u00abCes jeunes ne veulent pas passer par le cahier des charges pour exploiter les plages et les parkings durant la saison estivale selon les proc\u00e9dures r\u00e9glementaires. Ils veulent s\u2019accaparer des plages sans rien respecter, ils d\u00e9sirent que l\u2019APC leur fournisse juste une autorisation\u00bb<\/em>, ajoute-t-il.<\/p>\n<p class=\"p3\">Les manifestants affichaient une grande d\u00e9termination. La saison estivale 2019 aura du mal \u00e0 se mettre en route, car d\u2019autres points sombres n\u2019ont pas encore \u00e9t\u00e9 r\u00e9solus.<\/p>\n<p><span class=\"post-views-label\">Post Views:<\/span> <span class=\"post-views-count\">8<\/span><\/p>\n<p>Auteur: Anis Khecheba<br \/>\n<a href=\"https:\/\/www.elwatan.com\/regions\/centre\/tipasa\/corniche-du-chenoua-tipasa-les-citoyens-determines-bloquent-lacces-06-06-2019\">Cliquez ici pour lire l&rsquo;article depuis sa source.<\/a><\/p>\n","protected":false},"excerpt":{"rendered":"<p>Les habitants du mont Chenoua ont d\u00e9cid\u00e9 de bloquer l\u2019acc\u00e8s \u00e0 la corniche du Chenoua (CW 109). Une \u00e9paisse fum\u00e9e se d\u00e9gageait de la route bitum\u00e9e. Troncs d\u2019arbres, branches, cailloux et pneus sont mis sur la route. Les manifestants \u00e9taient tr\u00e8s nombreux, frustr\u00e9s par leur marginalisation. La concession des plages est \u00e0 l\u2019origine de ce [&hellip;]<\/p>\n","protected":false},"author":1743,"featured_media":39031,"comment_status":"closed","ping_status":"closed","sticky":false,"template":"","format":"standard","meta":{"fifu_image_url":"","fifu_image_alt":"","footnotes":""},"categories":[73,53],"tags":[],"class_list":["post-39030","post","type-post","status-publish","format-standard","has-post-thumbnail","hentry","category-actualite","category-algerie"],"_links":{"self":[{"href":"https:\/\/linitiative.ca\/International\/wp-json\/wp\/v2\/posts\/39030","targetHints":{"allow":["GET"]}}],"collection":[{"href":"https:\/\/linitiative.ca\/International\/wp-json\/wp\/v2\/posts"}],"about":[{"href":"https:\/\/linitiative.ca\/International\/wp-json\/wp\/v2\/types\/post"}],"author":[{"embeddable":true,"href":"https:\/\/linitiative.ca\/International\/wp-json\/wp\/v2\/users\/1743"}],"replies":[{"embeddable":true,"href":"https:\/\/linitiative.ca\/International\/wp-json\/wp\/v2\/comments?post=39030"}],"version-history":[{"count":0,"href":"https:\/\/linitiative.ca\/International\/wp-json\/wp\/v2\/posts\/39030\/revisions"}],"wp:featuredmedia":[{"embeddable":true,"href":"https:\/\/linitiative.ca\/International\/wp-json\/"}],"wp:attachment":[{"href":"https:\/\/linitiative.ca\/International\/wp-json\/wp\/v2\/media?parent=39030"}],"wp:term":[{"taxonomy":"category","embeddable":true,"href":"https:\/\/linitiative.ca\/International\/wp-json\/wp\/v2\/categories?post=39030"},{"taxonomy":"post_tag","embeddable":true,"href":"https:\/\/linitiative.ca\/International\/wp-json\/wp\/v2\/tags?post=39030"}],"curies":[{"name":"wp","href":"https:\/\/api.w.org\/{rel}","templated":true}]}}