{"id":39036,"date":"2019-06-06T04:04:40","date_gmt":"2019-06-06T08:04:40","guid":{"rendered":"https:\/\/linitiative.ca\/International\/18-mois-de-prison-ferme-requis-contre-ali-haddad\/"},"modified":"2019-06-06T04:04:40","modified_gmt":"2019-06-06T08:04:40","slug":"18-mois-de-prison-ferme-requis-contre-ali-haddad","status":"publish","type":"post","link":"https:\/\/linitiative.ca\/International\/18-mois-de-prison-ferme-requis-contre-ali-haddad\/","title":{"rendered":"18 mois de prison ferme requis contre Ali Haddad"},"content":{"rendered":"<h4 class=\"title-14\">Tribunal de Bir Mourad Ra\u00efs \u00e0 Alger<\/h4>\n<div class=\"featured_image\"><img width=\"600\" height=\"853\" data-cfsrc=\"https:\/\/www.elwatan.com\/wp-content\/uploads\/2019\/06\/haddad.jpg\" class=\"attachment-post-thumbnail size-post-thumbnail wp-post-image c1\" alt=\"\" srcset=\"https:\/\/www.elwatan.com\/wp-content\/uploads\/2019\/06\/haddad.jpg 600w, https:\/\/www.elwatan.com\/wp-content\/uploads\/2019\/06\/haddad-211x300.jpg 211w\" sizes=\"(max-width: 600px) 100vw, 600px\"\/><noscript><\/p>\n<p><img loading=\"lazy\" decoding=\"async\" width=\"600\" height=\"853\" src=\"https:\/\/www.elwatan.com\/wp-content\/uploads\/2019\/06\/haddad.jpg\" class=\"attachment-post-thumbnail size-post-thumbnail wp-post-image\" alt=\"\" srcset=\"https:\/\/www.elwatan.com\/wp-content\/uploads\/2019\/06\/haddad.jpg 600w, https:\/\/www.elwatan.com\/wp-content\/uploads\/2019\/06\/haddad-211x300.jpg 211w\" sizes=\"auto, (max-width: 600px) 100vw, 600px\"\/><\/p>\n<p><\/noscript><\/div>\n<p class=\"p4\"><span class=\"s3\"><strong>Une peine de 18 mois de prison ferme assortie d\u2019une amende de 100 000 DA a \u00e9t\u00e9 requise, lundi, contre le patron du groupe ETRHB, Ali Haddad, pour avoir obtenu et utilis\u00e9 un deuxi\u00e8me passeport. Ce dernier comparaissait devant le tribunal de Bir Mourad Ra\u00efs, pr\u00e8s la cour d\u2019Alger, avec le chef de service de biom\u00e9trie de la da\u00efra de Bir Mourad Ra\u00efs, le divisionnaire de police Hassan Boualem, contre lequel la m\u00eame sanction a \u00e9t\u00e9 r\u00e9clam\u00e9e par le repr\u00e9sentant du minist\u00e8re public. Leurs avocats ont plaid\u00e9 la relaxe et le verdict sera connu le 17 juin.<\/strong><\/span><\/p>\n<p class=\"p4\"><span class=\"s4\"><strong>C<\/strong><\/span><span class=\"s1\">\u2019est dans une salle archicomble et en pr\u00e9sence de nombreux journalistes que le proc\u00e8s du patron du groupe ETRHB, Ali Haddad, et du chef de service de biom\u00e9trie, Hassan Boualem, s\u2019est ouvert lundi au tribunal de Bir Mourad Ra\u00efs, pr\u00e8s la cour d\u2019Alger, pour \u00abd\u00e9tention, utilisation et \u00e9tablissement d\u2019un deuxi\u00e8me passeport\u00bb, d\u00e9lits punis par les articles 222 et 223 du code p\u00e9nal.<\/span><\/p>\n<p class=\"p4\"><span class=\"s1\">D\u00e8s son apparition dans la salle d\u2019audience, Ali Haddad, encadr\u00e9 par de nombreux policiers, suscite la curiosit\u00e9 de l\u2019assistance qui le d\u00e9visage sans pr\u00eater attention \u00e0 son co-inculp\u00e9, Hassan Boualem. D\u2019embl\u00e9e, un des cinq avocats de Haddad, M<sup>e<\/sup> Za\u00efdi, \u00e9voque des vices de proc\u00e9dure. <em>\u00abLe pr\u00e9venu a \u00e9t\u00e9 arr\u00eat\u00e9 durant la nuit du 29 mars 2019, alors que ses d\u00e9clarations sur un proc\u00e8s-verbal n\u2019ont \u00e9t\u00e9 faites que le 31 mars, soit 72 heures apr\u00e8s.<\/em><\/span><\/p>\n<p class=\"p4\"><span class=\"s1\"><em>Mieux encore, l\u2019officier qui a entendu Ali Haddad n\u2019a pas fait conna\u00eetre \u00e0 ce dernier ses droits, tel que pr\u00e9vu par la loi\u00bb<\/em>, relate l\u2019avocat avant de r\u00e9clamer l\u2019annulation du proc\u00e8s-verbal d\u2019audition. M<sup>e<\/sup> Khaled Bourayou s\u2019interroge sur le fait que son mandant a \u00e9t\u00e9 ramen\u00e9 de la wilaya d\u2019El Tarf, le soir, \u00e0 Alger et ne l\u2019a entendu que le lendemain \u00e0 5h. <em>\u00abVous auriez d\u00fb veiller au respect de la proc\u00e9dure, monsieur le procureur\u00bb<\/em>, lance M<sup>e<\/sup> Bourayou.<\/span><\/p>\n<p class=\"p4\"><span class=\"s1\">Le pr\u00e9sident joint les demandes de la d\u00e9fense de Ali Haddad \u00e0 l\u2019examen du fond du dossier avant d\u2019entamer l\u2019interrogatoire. <em>\u00abM. Haddad, vous \u00eates poursuivi pour \u2018\u2018d\u00e9tention d\u2019un deuxi\u00e8me passeport\u2019\u2019 sans en avoir le droit. Qu\u2019avez-vous \u00e0 dire ?\u00bb<\/em> Le pr\u00e9venu : <em>\u00abJe me d\u00e9pla\u00e7ais beaucoup \u00e0 l\u2019\u00e9tranger et mon passeport contenait beaucoup de visas.\u00bb<\/em><\/span><\/p>\n<p class=\"p4\"><span class=\"s1\">Le juge : <em>\u00abVous saviez qu\u2019avoir deux passeports est ill\u00e9gal.\u00bb<\/em> Le pr\u00e9venu\u00a0: <em>\u00abL\u2019administration ne m\u2019a pas demand\u00e9 de restituer le premier.\u00bb<\/em> Le juge : <em>\u00abQui vous l\u2019a remis\u00a0?\u00bb<\/em> Ali Haddad : <em>\u00abOn me l\u2019a envoy\u00e9 au secr\u00e9tariat de mon bureau \u00e0 Dar El Be\u00efda.\u00bb<\/em> Le magistrat : <em>\u00abA qui avez-vous demand\u00e9 le deuxi\u00e8me passeport\u00a0?\u00bb<\/em><\/span><\/p>\n<p class=\"p4\"><span class=\"s1\">Ali Haddad explique qu\u2019il en avait parl\u00e9 au Premier ministre, alors Abdelmalek Sellal, lequel l\u2019avait recommand\u00e9 au ministre de l\u2019Int\u00e9rieur, alors Noureddine Bedoui. <em>\u00abJe devais partir avec une d\u00e9l\u00e9gation d\u2019hommes d\u2019affaires aux Etats-Unis, mais \u00e0 cause du visa iranien que j\u2019avais sur mon passeport, je risquais de ne pas avoir le visa am\u00e9ricain. J\u2019en ai parl\u00e9 au Premier ministre, qui a fait le n\u00e9cessaire pour qu\u2019on me d\u00e9livre le passeport de 48 pages.\u00bb<\/em><\/span><\/p>\n<p class=\"p4\"><strong><span class=\"s3\">\u00abJ\u2019ai \u00e9t\u00e9 instruit par le minist\u00e8re de l\u2019Int\u00e9rieur\u00bb<\/span><\/strong><\/p>\n<p class=\"p4\"><span class=\"s1\">Le magistrat appelle le divisionnaire de police Hassan Boualem, chef du service biom\u00e9trie de la da\u00efra de Bir Mourad Ra\u00efs. Il \u00e9tait entendu comme t\u00e9moin dans l\u2019affaire, avant que son statut ne bascule en inculp\u00e9 et plac\u00e9 en libert\u00e9. Il r\u00e9v\u00e8le avoir \u00e9t\u00e9 instruit par le secr\u00e9taire g\u00e9n\u00e9ral du minist\u00e8re de l\u2019Int\u00e9rieur, Hocine Mazouz, pour \u00e9tablir un passeport de 48 pages \u00e0 Ali Haddad.<\/span><\/p>\n<p class=\"p4\"><span class=\"s1\"><em>\u00abJe l\u2019ai fait dans un cadre l\u00e9gal. Il y a une note minist\u00e9rielle envoy\u00e9e \u00e0 tous les walis sur la facilitation d\u2019obtention du passeport biom\u00e9trique. Lorsque les concern\u00e9s ont d\u00e9j\u00e0 un document biom\u00e9trique, sans que les concern\u00e9s ne ram\u00e8nent le dossier de fond. Cela se fait dans le cadre de l\u2019administration \u00e9lectronique.<\/em><\/span><\/p>\n<p class=\"p4\"><span class=\"s1\"><em>De nombreuses da\u00efras l\u2019ont fait et le font \u00e0 ce jour. Les documents ne sont exig\u00e9s qu\u2019en cas de nouvelles donn\u00e9es sur la r\u00e9sidence, le travail ou autre. J\u2019ai sous ma responsabilit\u00e9 400 agents et quatre sous-directeurs\u00bb<\/em>, dit-il, avant que le juge ne l\u2019interrompt : <em>\u00abQui vous a demand\u00e9 d\u2019\u00e9tablir le deuxi\u00e8me passeport \u00e0 Ali Haddad\u00a0?\u00bb<\/em> Le pr\u00e9venu : <em>\u00abJ\u2019ai re\u00e7u une instruction du secr\u00e9taire g\u00e9n\u00e9ral du minist\u00e8re de l\u2019Int\u00e9rieur. Lui-m\u00eame l\u2019a d\u00e9clar\u00e9 au juge d\u2019instruction. Il ne l\u2019a pas ni\u00e9.\u00bb<\/em> Le juge : <em>\u00abA-t-il ramen\u00e9 une quittance\u00a0?\u00bb<\/em> Le pr\u00e9venu : <em>\u00abJe ne sais pas.\u00bb<\/em><\/span><\/p>\n<p class=\"p4\"><span class=\"s1\">Le magistrat : <em>\u00abIl n\u2019y a pas de tra\u00e7abilit\u00e9\u2026\u00bb<\/em> Le pr\u00e9venu : <em>\u00abLe dossier a \u00e9t\u00e9 envoy\u00e9 au minist\u00e8re de l\u2019Int\u00e9rieur par le concern\u00e9.\u00bb<\/em> Le juge se tourne vers Haddad, et ce dernier d\u00e9clare : <em>\u00abJe suis un homme d\u2019affaires, je voyage beaucoup. Il m\u2019arrive d\u2019utiliser l\u2019un ou l\u2019autre de mes passeports. Pour moi, les deux sont l\u00e9gaux au vu de la loi, puisque personne ne m\u2019a fait la remarque.\u00bb<\/em><\/span><\/p>\n<p class=\"p4\"><span class=\"s1\">Le juge s\u2019adresse \u00e0 Hassan Boualem : <em>\u00abEst-il normal qu\u2019il utilise les deux passeports\u00a0?\u00bb<\/em> Le pr\u00e9venu : <em>\u00abNormalement, il y a une application qui d\u00e9truit automatiquement le premier passeport. La responsabilit\u00e9 du contr\u00f4le des passeports revient \u00e0 la police des fronti\u00e8res, non \u00e0 moi.\u00bb<\/em> Le juge : <em>\u00abHaddad s\u2019est-il acquitt\u00e9 de la quittance ?\u00bb<\/em> Hassan Boualem : <em>\u00abJe ne sais pas.<\/em><\/span><\/p>\n<p class=\"p4\"><span class=\"s1\"><em>Il a remis son dossier au minist\u00e8re de l\u2019Int\u00e9rieur.\u00bb<\/em> Le magistrat : <em>\u00abVous saviez que vous ne pouvez pas d\u00e9livrer deux passeports \u00e0 une m\u00eame personne ?\u00bb<\/em> Le pr\u00e9venu : <em>\u00abC\u2019est une instruction du minist\u00e8re de l\u2019Int\u00e9rieur. Pour moi, d\u00e8s que j\u2019\u00e9tablis le document, le premier s\u2019annule automatiquement.\u00bb<\/em> Le pr\u00e9sident se tourne une seconde fois vers Ali Haddad.<\/span><\/p>\n<p class=\"p4\"><span class=\"s1\"><em>\u00abVous comptiez utiliser les deux en partant pour la Tunisie ?\u00bb<\/em> Haddad : <em>\u00abJ\u2019avais sur moi les deux passeports. Le deuxi\u00e8me \u00e9tait dans mon cartable. Je n\u2019ai jamais cach\u00e9 l\u2019existence du deuxi\u00e8me, je l\u2019utilisais r\u00e9guli\u00e8rement sans que le syst\u00e8me ne le rejette.\u00bb<\/em> Le regard du magistrat se dirige vers Hassan Boualem, qui lui persiste \u00e0 dire que la responsabilit\u00e9 du contr\u00f4le des documents incombe aux services de la police des fronti\u00e8res.<\/span><\/p>\n<p class=\"p4\"><span class=\"s1\">Haddad intervient pour \u00e9voquer ce voyage d\u2019affaire aux Etats-Unis, vers la fin de l\u2019ann\u00e9e 2015, qui risquait d\u2019\u00eatre annul\u00e9 en raison du visa iranien appos\u00e9 sur son passeport et sur ceux de nombreux membres de la d\u00e9l\u00e9gation qui l\u2019accompagnait. <em>\u00abC\u2019est cette raison qui m\u2019a pouss\u00e9 \u00e0 demander un autre passeport.\u00bb<\/em> Le juge insiste avec Hassan Boualem, lequel persiste \u00e0 dire : <em>\u00abC\u2019est sur instruction du minist\u00e8re<\/em> <em>de l\u2019Int\u00e9rieur que je l\u2019ai \u00e9tabli sur la base des informations contenues dans le premier passeport.\u00bb<\/em><\/span><\/p>\n<p class=\"p4\"><span class=\"s1\">Le magistrat appelle le premier t\u00e9moin, Belkacem Beyasmina, un agent au service des passeports biom\u00e9triques de la da\u00efra de Bir Mourad Ra\u00efs. Il explique la proc\u00e9dure, qui consiste \u00e0 \u00e9tablir un deuxi\u00e8me passeport mais en annulant le premier, en se contentant du dossier de fond de ce dernier.<\/span><\/p>\n<p class=\"p4\"><span class=\"s1\">Chef de cabinet de Ali Haddad, le deuxi\u00e8me t\u00e9moin, Hadj Sa\u00efd, faisait office de chauffeur de son patron le jour o\u00f9 ce dernier a \u00e9t\u00e9 arr\u00eat\u00e9. Le juge l\u2019interroge : <em>\u00abQuand deviez-vous revenir de Tunisie ?\u00bb<\/em> Le t\u00e9moin : <em>\u00abUne fois que mon patron rentre.\u00bb<\/em> Le juge : <em>\u00abVous ne saviez pas quand est-ce que vous deviez rentrer au pays ?\u00bb<\/em> Le t\u00e9moin\u00a0: <em>\u00abNon,<span class=\"Apple-converted-space\">\u00a0<\/span> je ne le savais pas.\u00bb<\/em><\/span><\/p>\n<p class=\"p4\"><span class=\"s1\">Le juge demande \u00e0<span class=\"Apple-converted-space\">\u00a0<\/span> Haddad : <em>\u00abVous vouliez fuir du pays\u00a0?\u00bb<\/em> Haddad\u00a0: <em>\u00abJe ne savais pas que j\u2019\u00e9tais sous interdiction de sortie du territoire. Si je le savais, jamais je ne serais parti. M\u00eame les policiers n\u2019ont \u00e9t\u00e9 inform\u00e9s qu\u2019\u00e0 16h, alors que j\u2019ai \u00e9t\u00e9 arr\u00eat\u00e9 tr\u00e8s t\u00f4t dans la matin\u00e9e.\u00bb<\/em><\/span><\/p>\n<p class=\"p4\"><span class=\"s1\">Le repr\u00e9sentant du minist\u00e8re public s\u2019adresse \u00e0 Hassan Boualem et lui demande d\u2019expliquer comment il a d\u00e9livr\u00e9 \u00e0 Haddad un deuxi\u00e8me passeport, sans annuler le premier. <em>\u00abJe l\u2019ai fait sur instruction du minist\u00e8re de l\u2019Int\u00e9rieur. Il n\u2019est pas dans mes pr\u00e9rogatives de contr\u00f4ler les documents de voyage.\u00bb<\/em><\/span><\/p>\n<p class=\"p4\"><span class=\"s1\">Le procureur : <em>\u00abCette application de destruction du premier passeport<span class=\"Apple-converted-space\">\u00a0<\/span> est-elle ex\u00e9cut\u00e9e pour tout le monde ou pour certains seulement ?\u00bb<\/em> Hassan Boualem : <em>\u00abJe peux vous affirmer qu\u2019elle est automatique et se fait pour tous les passeports.\u00bb<\/em> Le procureur\u00a0: <em>\u00abQui m\u2019assure que ce document ne sera pas utilis\u00e9 ?\u00bb<\/em> Le pr\u00e9venu : <em>\u00abNormalement, la police des fronti\u00e8res en v\u00e9rifiant sur le syst\u00e8me doit \u00eatre inform\u00e9e.<\/em><\/span><\/p>\n<p class=\"p4\"><span class=\"s1\"><em>C\u2019est elle qui veille au contr\u00f4le, pas moi.\u00bb<\/em> Les deux pr\u00e9venus sont par la suite interrog\u00e9s par leurs avocats respectifs, avant que le repr\u00e9sentant du minist\u00e8re public ne requi\u00e8re 18 mois de prison ferme contre les deux pr\u00e9venus, assortie d\u2019une amende de 100 000 DA.<\/span><\/p>\n<p class=\"p4\"><span class=\"s1\">Les cinq avocats de Ali Haddad, M<sup>es<\/sup> Bourayou, Za\u00efdi, Dehim, Benallegue, Abrous se succ\u00e8dent \u00e0 la barre pour tenter de battre en br\u00e8che les griefs retenus contre leur mandant en r\u00e9clamant la relaxe. M<sup>e<\/sup>\u00a0Benallegue s\u2019insurge contre les vices de forme qui, selon lui, doivent faire annuler la proc\u00e9dure. Il s\u2019interroge sur l\u2019inculpation de Hassan Boualem, apr\u00e8s avoir \u00e9t\u00e9 entendu comme t\u00e9moin dans l\u2019affaire, en disant : <em>\u00abCette inculpation n\u2019a qu\u2019une seule explication. Son t\u00e9moignage \u00e9tait en faveur de Ali Haddad, il fallait donc l\u2019inculper pour ne pas recevoir sa d\u00e9claration.<\/em><\/span><\/p>\n<p class=\"p4\"><span class=\"s1\"><em>Il n\u2019y a rien dans le dossier qui prouve qu\u2019il y a eu un faux ou un usage de faux. Ce dossier est vide. Ali Haddad est un homme d\u2019affaires. Il avait besoin d\u2019un passeport, il a sollicit\u00e9 le Premier ministre, qui a instruit le ministre de l\u2019Int\u00e9rieur, lequel a instruit son secr\u00e9taire g\u00e9n\u00e9ral. Ce dernier a \u00e0 son tour instruit Hassan Boualem et reconna\u00eet que c\u2019est lui-m\u00eame qui l\u2019a appel\u00e9. Mais le juge a inculp\u00e9 Hassan Boualem.\u00bb<\/em><\/span><\/p>\n<p class=\"p7\"><span class=\"s1\">Lui embo\u00eetant le pas, M<sup>e<\/sup>\u00a0Khaled Bourayou revient sur les qualit\u00e9s de Ali Haddad, mais surtout sur <em>\u00ables incoh\u00e9rences, le dysfonctionnement et les vices de forme qui caract\u00e9risent le dossier\u00bb<\/em>, ainsi que sur ce qu\u2019il estime \u00eatre des <em>\u00abinjustices\u00bb<\/em> avant de d\u00e9clarer la nullit\u00e9 de la proc\u00e9dure et de r\u00e9clamer la relaxe.<span class=\"Apple-converted-space\">\u00a0<\/span><\/span><\/p>\n<p class=\"p7\"><span class=\"s1\">M<sup>e<\/sup> Za\u00efdi parle lui aussi de dossier <em>\u00abvide\u00bb<\/em> et s\u2019est demand\u00e9 pourquoi Ali Haddad n\u2019a pas \u00e9t\u00e9 d\u00e9f\u00e9r\u00e9 devant le parquet d\u2019El Kala, o\u00f9 il a \u00e9t\u00e9 arr\u00eat\u00e9. Pour lui, <em>\u00abil y avait une volont\u00e9 d\u00e9lib\u00e9r\u00e9e de mettre Ali Haddad en prison pour \u00eatre jug\u00e9 aussi bien par la justice que par la rue\u00bb<\/em>. Selon lui, <em>\u00abAli Haddad est un homme honorable, une personnalit\u00e9 connue aussi bien en Alg\u00e9rie qu\u2019\u00e0 l\u2019\u00e9tranger, un investisseur qui fait travailler 10 000 Alg\u00e9riens\u00bb.<\/em><\/span><\/p>\n<p class=\"p7\"><span class=\"s1\">Et de se demander : <em>\u00abPourquoi veulent-ils lui donner cette image de voleur ?\u00bb<\/em> Lui aussi \u00e9voque Hassan Boualem, comme protecteur des donn\u00e9es personnelles des Alg\u00e9riens, un cadre \u00e9m\u00e9rite, qui m\u00e9rite plus de consid\u00e9ration. Il affirme que le deuxi\u00e8me passeport a \u00e9t\u00e9 d\u00e9livr\u00e9 <em>\u00abdans la l\u00e9galit\u00e9 la plus totale et il n\u2019est pas le seul, puisque 18 000 Alg\u00e9riens ont deux documents de voyage\u00bb.<\/em> Et de conclure : <em>\u00abHaddad est une victime. Il doit \u00eatre relax\u00e9.\u00bb<\/em><\/span><\/p>\n<p class=\"p7\"><span class=\"s1\">M<sup>e<\/sup> Dehim se dit outr\u00e9 par la tournure qu\u2019a prise <em>\u00abcette affaire de passeports\u00bb<\/em> et surtout par <em>\u00abcette haine de certains m\u00e9dias qui ont jug\u00e9 et condamn\u00e9\u00bb<\/em> Ali Haddad avant m\u00eame qu\u2019il <em>\u00abne soit entendu par le juge\u00bb<\/em>.<\/span><\/p>\n<p class=\"p7\"><span class=\"s1\">Avocat de Hassan Boualem, M<sup>e<\/sup> Khemissi Zeghaiai d\u00e9clare d\u2019embl\u00e9e : <em>\u00abMonsieur le juge, si ce n\u2019\u00e9tait pas Ali Haddad, je suis s\u00fbr que mon mandant ne serait pas ici en tant qu\u2019inculp\u00e9. Son malheur, c\u2019est d\u2019avoir d\u00e9livr\u00e9 un passeport \u00e0 Ali Haddad. C\u2019est l\u2019un des meilleurs, pour ne pas dire l\u2019unique de la biom\u00e9trie en Alg\u00e9rie. Depuis 2007, c\u2019est \u00e0 lui que revient le m\u00e9rite d\u2019avoir informatis\u00e9 les documents de l\u2019\u00e9tat civil.<\/em><\/span><\/p>\n<p class=\"p7\"><span class=\"s1\"><em>Il vous a dit que Hocine Mazouzi, secr\u00e9taire g\u00e9n\u00e9ral du minist\u00e8re de l\u2019Int\u00e9rieur, l\u2019a instruit, et le concern\u00e9 a confirm\u00e9 ses propos, mais c\u2019est lui qu\u2019on a inculp\u00e9. Il vous a remis l\u2019instruction datant de 2015 envoy\u00e9e \u00e0 tous les walis, les sommant de d\u00e9livrer les passeports biom\u00e9triques sans document de fond lorsque les concern\u00e9s ont d\u00e9j\u00e0 un dossier biom\u00e9trique.<\/em><\/span><\/p>\n<p class=\"p7\"><span class=\"s1\"><em>Comment peut-on demander 18 mois de prison ferme \u00e0 son encontre alors qu\u2019il s\u2019appr\u00eate \u00e0 aller en voyage pour des missions dans le cadre de son travail ?\u00bb<\/em> L\u2019avocat estime que son mandant est une victime qui n\u2019a pas \u00e0 se trouver au tribunal et r\u00e9clame sa relaxe. Le pr\u00e9sident demande aux deux pr\u00e9venus de dire un dernier mot.<\/span><\/p>\n<p class=\"p7\"><span class=\"s1\">Ali Haddad\u00a0: <em>\u00abJe suis innocent.\u00bb<\/em> Hassan Boualem : <em>\u00abJe n\u2019ai viol\u00e9 aucune proc\u00e9dure.\u00bb<\/em> Le juge met l\u2019affaire en d\u00e9lib\u00e9r\u00e9 et le verdict sera connu le 17 juin prochain. L\u2019audience est lev\u00e9e et Ali Haddad en profite pour saluer de la main les membres de sa famille pr\u00e9sents en nombre dans la salle. Des moments forts en \u00e9motion, lorsque sa fille, les larmes aux yeux, se rapproche du box pour le saluer.<\/span><\/p>\n<p><span class=\"post-views-label\">Post Views:<\/span> <span class=\"post-views-count\">289<\/span><\/p>\n<p>Auteur: Anis Khecheba<br \/>\n<a href=\"https:\/\/www.elwatan.com\/edition\/actualite\/18-mois-de-prison-ferme-requis-contre-ali-haddad-06-06-2019\">Cliquez ici pour lire l&rsquo;article depuis sa source.<\/a><\/p>\n","protected":false},"excerpt":{"rendered":"<p>Tribunal de Bir Mourad Ra\u00efs \u00e0 Alger Une peine de 18 mois de prison ferme assortie d\u2019une amende de 100 000 DA a \u00e9t\u00e9 requise, lundi, contre le patron du groupe ETRHB, Ali Haddad, pour avoir obtenu et utilis\u00e9 un deuxi\u00e8me passeport. Ce dernier comparaissait devant le tribunal de Bir Mourad Ra\u00efs, pr\u00e8s la cour [&hellip;]<\/p>\n","protected":false},"author":1743,"featured_media":39037,"comment_status":"closed","ping_status":"closed","sticky":false,"template":"","format":"standard","meta":{"fifu_image_url":"","fifu_image_alt":"","footnotes":""},"categories":[73,53],"tags":[],"class_list":["post-39036","post","type-post","status-publish","format-standard","has-post-thumbnail","hentry","category-actualite","category-algerie"],"_links":{"self":[{"href":"https:\/\/linitiative.ca\/International\/wp-json\/wp\/v2\/posts\/39036","targetHints":{"allow":["GET"]}}],"collection":[{"href":"https:\/\/linitiative.ca\/International\/wp-json\/wp\/v2\/posts"}],"about":[{"href":"https:\/\/linitiative.ca\/International\/wp-json\/wp\/v2\/types\/post"}],"author":[{"embeddable":true,"href":"https:\/\/linitiative.ca\/International\/wp-json\/wp\/v2\/users\/1743"}],"replies":[{"embeddable":true,"href":"https:\/\/linitiative.ca\/International\/wp-json\/wp\/v2\/comments?post=39036"}],"version-history":[{"count":0,"href":"https:\/\/linitiative.ca\/International\/wp-json\/wp\/v2\/posts\/39036\/revisions"}],"wp:featuredmedia":[{"embeddable":true,"href":"https:\/\/linitiative.ca\/International\/wp-json\/"}],"wp:attachment":[{"href":"https:\/\/linitiative.ca\/International\/wp-json\/wp\/v2\/media?parent=39036"}],"wp:term":[{"taxonomy":"category","embeddable":true,"href":"https:\/\/linitiative.ca\/International\/wp-json\/wp\/v2\/categories?post=39036"},{"taxonomy":"post_tag","embeddable":true,"href":"https:\/\/linitiative.ca\/International\/wp-json\/wp\/v2\/tags?post=39036"}],"curies":[{"name":"wp","href":"https:\/\/api.w.org\/{rel}","templated":true}]}}