{"id":39038,"date":"2019-06-06T04:06:06","date_gmt":"2019-06-06T08:06:06","guid":{"rendered":"https:\/\/linitiative.ca\/International\/un-ramadhan-a-la-sauce-hirak\/"},"modified":"2019-06-06T04:06:06","modified_gmt":"2019-06-06T08:06:06","slug":"un-ramadhan-a-la-sauce-hirak","status":"publish","type":"post","link":"https:\/\/linitiative.ca\/International\/un-ramadhan-a-la-sauce-hirak\/","title":{"rendered":"Un Ramadhan \u00e0 la sauce \u00abhirak\u00bb"},"content":{"rendered":"<h4 class=\"title-14\">Il a \u00e9t\u00e9 politiquement copieux<\/h4>\n<div class=\"featured_image\"><img width=\"1200\" height=\"594\" data-cfsrc=\"https:\/\/www.elwatan.com\/wp-content\/uploads\/2019\/06\/UNEEE.jpg\" class=\"attachment-post-thumbnail size-post-thumbnail wp-post-image c1\" alt=\"\" srcset=\"https:\/\/www.elwatan.com\/wp-content\/uploads\/2019\/06\/UNEEE.jpg 1200w, https:\/\/www.elwatan.com\/wp-content\/uploads\/2019\/06\/UNEEE-300x149.jpg 300w, https:\/\/www.elwatan.com\/wp-content\/uploads\/2019\/06\/UNEEE-768x380.jpg 768w, https:\/\/www.elwatan.com\/wp-content\/uploads\/2019\/06\/UNEEE-1024x507.jpg 1024w\" sizes=\"(max-width: 1200px) 100vw, 1200px\"\/><noscript><\/p>\n<p><img loading=\"lazy\" decoding=\"async\" width=\"1200\" height=\"594\" src=\"https:\/\/www.elwatan.com\/wp-content\/uploads\/2019\/06\/UNEEE.jpg\" class=\"attachment-post-thumbnail size-post-thumbnail wp-post-image\" alt=\"\" srcset=\"https:\/\/www.elwatan.com\/wp-content\/uploads\/2019\/06\/UNEEE.jpg 1200w, https:\/\/www.elwatan.com\/wp-content\/uploads\/2019\/06\/UNEEE-300x149.jpg 300w, https:\/\/www.elwatan.com\/wp-content\/uploads\/2019\/06\/UNEEE-768x380.jpg 768w, https:\/\/www.elwatan.com\/wp-content\/uploads\/2019\/06\/UNEEE-1024x507.jpg 1024w\" sizes=\"auto, (max-width: 1200px) 100vw, 1200px\"\/><\/p>\n<p><\/noscript><\/div>\n<p class=\"p1\"><strong>Ce Ramadhan 2019 aura \u00e9t\u00e9 sans doute le plus anim\u00e9, le plus vif et le plus \u00abpolitique\u00bb que nous ayons connu depuis de tr\u00e8s nombreuses ann\u00e9es.<\/strong><\/p>\n<p class=\"p1\"><span class=\"s1\"><strong>D<\/strong><\/span><span class=\"s2\">\u00e9cid\u00e9ment, ce Ramadhan 2019 aura \u00e9t\u00e9 bien diff\u00e9rent de tous les mois de je\u00fbne d\u2019avant le soul\u00e8vement du 22 f\u00e9vrier. C\u2019est, en effet, le Ramadhan le plus anim\u00e9, le plus vif et le plus \u00abpolitique\u00bb que nous ayons connu depuis de tr\u00e8s nombreuses ann\u00e9es. Habituellement, cette p\u00e9riode de l\u2019ann\u00e9e est synonyme de di\u00e8te et de disette en termes d\u2019activit\u00e9s publiques et d\u2019animation du paysage politique et \u00e9conomique national.<\/span><\/p>\n<p class=\"p4\"><span class=\"s2\">Et c\u2019est un v\u00e9ritable calvaire pour les r\u00e9dactions tellement c\u2019est mort. Avant, \u00e0 l\u2019heure du bilan, tout ce qu\u2019on pouvait \u00e9crire, c\u2019\u00e9tait des formules rituelles du style \u00ab<em>c\u2019est le Ramadhan le moins meurtrier<\/em>\u00bb, \u00ab<em>le plus meurtrier<\/em>\u00bb (durant les ann\u00e9es de terrorisme).<\/span><\/p>\n<p class=\"p4\"><span class=\"s2\">On dressait le m\u00eame bilan des accidents de la circulation, des humeurs de la mercuriale. On tenait la chronique des programmes t\u00e9l\u00e9 pour distribuer les bons et les mauvais points aux nouvelles productions. Immanquablement, il y avait un mot sur les incontournables cam\u00e9ras cach\u00e9es et leurs canulars qui font toujours jaser.<\/span><\/p>\n<p class=\"p4\"><span class=\"s2\">Sur le plan politique, pendant des ann\u00e9es, la Pr\u00e9sidence nous bernait avec de soi-disant \u00abauditions\u00bb accord\u00e9es par Boutef dans le cadre d\u2019improbables consultations sans ordre du jour autre que celui de tuer le temps et donner un peu de contenu \u00e0 sa gouvernance qui, \u00e0 l\u2019\u00e9poque d\u00e9j\u00e0, commen\u00e7ait \u00e0 montrer de s\u00e9rieux signes de fatigue. C\u2019\u00e9tait surtout \u2013 on s\u2019en souvient \u2013 durant les premiers Ramadhans du 3<sup>e<\/sup> mandat, avant que son AVC ne le r\u00e9duise \u00e0 un \u00abcadre\u00bb muet devant lequel courtisans et z\u00e9lateurs se pressaient pour arracher l\u2019onction du Pr\u00e9sident fant\u00f4me et celle de son clan.<\/span><\/p>\n<p class=\"p4\"><strong><span class=\"s2\">Les \u00e9tudiants \u00e0 l\u2019avant-garde de la mobilisation<\/span><\/strong><\/p>\n<p class=\"p5\"><span class=\"s2\">Au menu de ce Ramadhan 2019\u00a0: d\u2019abord, les manifs. On a vu que les contestations de rue ont continu\u00e9 avec la m\u00eame d\u00e9termination et la m\u00eame intensit\u00e9. Num\u00e9riquement, il y avait certes moins de monde, mais la symbolique du geste compensait largement, surtout quand on sait que le r\u00e9gime misait beaucoup sur l\u2019essoufflement du mouvement avec l\u2019arriv\u00e9e du mois sacr\u00e9.<\/span><\/p>\n<p class=\"p4\"><span class=\"s2\">Qui plus est, les marches se d\u00e9roulaient en plein jour, souvent sous une chaleur accablante, bravant la faim, la soif, la fatigue\u2026 A ces \u00e9preuves est venue s\u2019ajouter une contrainte suppl\u00e9mentaire\u00a0: la r\u00e9pression et les violences polici\u00e8res, qui se sont accentu\u00e9es ces derni\u00e8res semaines, et qui \u00e9taient totalement gratuites la plupart du temps.<\/span><\/p>\n<p class=\"p4\"><span class=\"s2\">A ce propos, il faut souligner le r\u00f4le d\u00e9cisif des \u00e9tudiants dans le maintien de la mobilisation, car ce sont eux qui ont donn\u00e9 le ton. L\u2019entr\u00e9e du Ramadhan co\u00efncidait \u00e0 un jour pr\u00e8s avec les manifs cycliques du mardi, et les \u00e9tudiants ont brillamment honor\u00e9 leur rendez-vous hebdomadaire. Ils ont pass\u00e9 l\u2019\u00e9preuve du je\u00fbne avec succ\u00e8s et ont continu\u00e9 \u00e0 battre le pav\u00e9 aux cris de \u00ab<em>Maranache habssine, fi ramdhane khardjine<\/em>\u00bb (On ne s\u2019arr\u00eatera pas, pendant le Ramadhan on sortira).<\/span><\/p>\n<p class=\"p4\"><span class=\"s2\">Il faut rappeler aussi qu\u2019ils sont sortis \u00e0 d\u2019autres occasions pendant ce mois de car\u00eame. Ils ont ainsi c\u00e9l\u00e9br\u00e9 la Journ\u00e9e nationale de l\u2019\u00e9tudiant, le dimanche 19 mai, par des marches grandioses, et cette date intervenait, l\u00e0 aussi, en plein Ramadhan.<\/span><\/p>\n<p class=\"p4\"><span class=\"s2\">Autre preuve de leur pers\u00e9v\u00e9rance militante : devant l\u2019incertitude de d\u00e9filer ce mardi 4 juin en raison de l\u2019A\u00efd, ils ont tenu \u00e0 avancer leur marche hebdomadaire au dimanche 2 juin. Malgr\u00e9 la matraque et le dispositif coercitif des forces de police, ils ont r\u00e9pondu pr\u00e9sent. Les \u00e9tudiants ont un autre m\u00e9rite\u00a0: ils ont contourn\u00e9 habilement les cordons de police install\u00e9s un peu partout pour leur barrer le passage en improvisant de nouveaux itin\u00e9raires \u00e0 chacune de leurs sorties.<\/span><\/p>\n<p class=\"p4\"><span class=\"s2\">Apr\u00e8s la fermeture de l\u2019acc\u00e8s \u00e0 la Grande-Poste, ils ont march\u00e9 rue Asselah Hocine, ont donn\u00e9 de la voix devant l\u2019APN, devant le tribunal Abane Ramdane, devant le Palais du gouvernement\u2026 Ils ont manifest\u00e9 bruyamment rue Docteur Saadane, au boulevard Amirouche, \u00e0 l\u2019avenue de l\u2019ALN et \u00e0 la place de la Libert\u00e9 de la presse, rue Hassiba. Au final, ils ont donn\u00e9 diablement du fil \u00e0 retordre aux forces de l\u2019ordre en puisant courageusement dans leurs ultimes r\u00e9serves et en subissant plus d\u2019une fois coups de gourdin et lacrymos.<\/span><\/p>\n<p class=\"p4\"><strong><span class=\"s2\">Manifs, d\u00e9bats, conf\u00e9rences, r\u00e9unions<\/span><\/strong><\/p>\n<p class=\"p5\"><span class=\"s2\">Pour les grand-messes du vendredi, nous le disions, la mobilisation est rest\u00e9e intacte, avec la m\u00eame ferveur et la m\u00eame hardiesse. Et, \u00e0 l\u2019instar des \u00e9tudiants, les manifestants \u00e0 Alger ont innov\u00e9 durant ce Ramadhan en prolongeant leurs marches jusqu\u2019\u00e0 la place des Martyrs, nouveau point de chute des frondeurs apr\u00e8s le si\u00e8ge impos\u00e9 au p\u00e9rim\u00e8tre de la Grande-Poste par les forces de police.<\/span><\/p>\n<p class=\"p4\"><span class=\"s2\">On a vu aussi des groupes manifester le soir, notamment dans les wilayas du Sud expos\u00e9es aux grandes chaleurs. Des f\u2019tour collectifs \u00e0 la sauce \u00abhirak\u00bb \u00e9taient organis\u00e9s un peu partout, comme avec le f\u2019tour g\u00e9ant qu\u2019on a vu \u00e0 BBA, toujours \u00e0 la pointe des luttes citoyennes. Des d\u00e9bats nocturnes se tenaient dans plusieurs wilayas. A Alger, les d\u00e9bats en plein air de RAJ ont continu\u00e9 \u00e0 se tenir apr\u00e8s l\u2019iftar.<\/span><\/p>\n<p class=\"p4\"><span class=\"s2\">Les forums de Nabni se sont \u00e9galement poursuivis, de m\u00eame que le rendez-vous du lundi sur les marches du TNA, \u00e0 l\u2019initiative de Adila Bendimerad, cofondatrice du CRAC (Collectif pour un renouveau alg\u00e9rien du cin\u00e9ma). Il faut citer, en outre, l\u2019activisme intensif de trois p\u00f4les importants de la soci\u00e9t\u00e9 civile, qui multiplient les r\u00e9unions de concertation pour d\u00e9gager une initiative commune.<\/span><\/p>\n<p class=\"p4\"><span class=\"s2\">Le Collectif de la soci\u00e9t\u00e9 civile pour une transition d\u00e9mocratique, le Forum civil pour le changement et la Conf\u00e9d\u00e9ration des syndicats alg\u00e9riens se sont r\u00e9unis, en effet, \u00e0 trois reprises, en plein Ramadhan, respectivement les samedis 18 et 25 mai et 1<sup>er<\/sup> juin, pour rapprocher leurs points de vue et pr\u00e9parer la tenue d\u2019une conf\u00e9rence nationale de la soci\u00e9t\u00e9 civile. Pour rappel, ils ont arr\u00eat\u00e9 la date du 15 juin pour la tenue de cette conf\u00e9rence.<\/span><\/p>\n<p class=\"p4\"><strong><span class=\"s2\">Louisa Hanoune a pass\u00e9 le ramadhan en prison<\/span><\/strong><\/p>\n<p class=\"p5\"><span class=\"s2\">Ce mois sacr\u00e9 2019 a \u00e9t\u00e9 marqu\u00e9, par ailleurs, par la perte tragique du D<sup>r<\/sup> Kamel Eddine Fekhar, mort dans les ge\u00f4les du r\u00e9gime apr\u00e8s 50 jours de gr\u00e8ve de la faim pour d\u00e9noncer sa d\u00e9tention injuste.<\/span><\/p>\n<p class=\"p4\"><span class=\"s2\">Ses obs\u00e8ques au cimeti\u00e8re El Alia ont donn\u00e9 lieu \u00e0 de grandioses fun\u00e9railles populaires. Ce mois a \u00e9t\u00e9 entach\u00e9 aussi par d\u2019autres emprisonnements arbitraires, avec notamment l\u2019incarc\u00e9ration de Louisa Hanoune le 9 mai 2019, soit au quatri\u00e8me jour du Ramadhan, \u00e0 la prison de Blida. Quelques jours plus tard, c\u2019est au tour de Hocine Benhadid d\u2019\u00eatre arr\u00eat\u00e9 et incarc\u00e9r\u00e9 \u00e0 la prison d\u2019El Harrach. Son seul tort est d\u2019avoir publi\u00e9 une tribune dans la presse dans laquelle il plaidait sereinement pour une sortie de crise \u00abpolitique\u00bb.<\/span><\/p>\n<p class=\"p4\"><span class=\"s2\">Son \u00e9tat de sant\u00e9 est jug\u00e9 critique apr\u00e8s une chute qui lui a caus\u00e9 une fracture du bassin. Avec ces affaires qui constituent de graves atteintes aux droits humains, surtout la mort brutale de Fekhar qui n\u2019est pas sans rappeler celle de Mohamed Tamalt, les Alg\u00e9riens d\u00e9couvrent,\u00a0ahuris, le nombre inqui\u00e9tant de d\u00e9tenus politiques et d\u2019opinion qui croupissent dans les prisons alg\u00e9riennes, et dont la liste ne cesse de s\u2019allonger.<\/span><\/p>\n<p class=\"p4\"><span class=\"s2\">Un mot, pour finir, sur les programmes t\u00e9l\u00e9. L\u00e0 aussi, le hirak a clairement imprim\u00e9 son empreinte sur la grille de ce Ramadhan post-22 f\u00e9vrier. Entre un \u00abmug\u00bb estampill\u00e9 \u00ab<em>Yetnahaw ga3<\/em>\u00bb (dans l\u2019\u00e9mission \u00abMazal El hal\u00bb de Youn\u00e8s Sabeur Cherif sur Echorouk TV), une cam\u00e9ra cach\u00e9e o\u00f9 il est question de sonder la r\u00e9action des citoyens \u00e0 l\u2019annonce fictive du retour de Bouteflika aux affaires, ou encore <em>Ouled Lahlal<\/em>, le \u00abdrama\u00bb qui a cartonn\u00e9 durant ce Ramadhan, et qui parle ouvertement de l\u2019implication de hauts responsables dans de grosses affaires de corruption et de trafic de drogue, on ne peut pas dire que le hirak n\u2019a pas inspir\u00e9 nos producteurs TV et nos \u00ab<em>script doctors<\/em>\u00bb.<\/span><\/p>\n<p class=\"p4\"><span class=\"s2\">Cela ne nous fait pas perdre de vue, pour autant, la chape de plomb qui p\u00e8se de nouveau sur l\u2019audiovisuel national pour tout ce qui touche au politique. La preuve\u00a0: la couverture des manifs a disparu des \u00e9crans de la T\u00e9l\u00e9vision nationale apr\u00e8s une courte \u00e9claircie.<\/span> <span class=\"s2\">Saha Aidkoum,\u00a0et \u00e0 demain vendredi\u00a0!<\/span><\/p>\n<p><span class=\"post-views-label\">Post Views:<\/span> <span class=\"post-views-count\">124<\/span><\/p>\n<p>Auteur: Anis Khecheba<br \/>\n<a href=\"https:\/\/www.elwatan.com\/edition\/actualite\/un-ramadhan-a-la-sauce-hirak-06-06-2019\">Cliquez ici pour lire l&rsquo;article depuis sa source.<\/a><\/p>\n","protected":false},"excerpt":{"rendered":"<p>Il a \u00e9t\u00e9 politiquement copieux Ce Ramadhan 2019 aura \u00e9t\u00e9 sans doute le plus anim\u00e9, le plus vif et le plus \u00abpolitique\u00bb que nous ayons connu depuis de tr\u00e8s nombreuses ann\u00e9es. D\u00e9cid\u00e9ment, ce Ramadhan 2019 aura \u00e9t\u00e9 bien diff\u00e9rent de tous les mois de je\u00fbne d\u2019avant le soul\u00e8vement du 22 f\u00e9vrier. C\u2019est, en effet, le [&hellip;]<\/p>\n","protected":false},"author":1743,"featured_media":39039,"comment_status":"closed","ping_status":"closed","sticky":false,"template":"","format":"standard","meta":{"fifu_image_url":"","fifu_image_alt":"","footnotes":""},"categories":[73,53],"tags":[],"class_list":["post-39038","post","type-post","status-publish","format-standard","has-post-thumbnail","hentry","category-actualite","category-algerie"],"_links":{"self":[{"href":"https:\/\/linitiative.ca\/International\/wp-json\/wp\/v2\/posts\/39038","targetHints":{"allow":["GET"]}}],"collection":[{"href":"https:\/\/linitiative.ca\/International\/wp-json\/wp\/v2\/posts"}],"about":[{"href":"https:\/\/linitiative.ca\/International\/wp-json\/wp\/v2\/types\/post"}],"author":[{"embeddable":true,"href":"https:\/\/linitiative.ca\/International\/wp-json\/wp\/v2\/users\/1743"}],"replies":[{"embeddable":true,"href":"https:\/\/linitiative.ca\/International\/wp-json\/wp\/v2\/comments?post=39038"}],"version-history":[{"count":0,"href":"https:\/\/linitiative.ca\/International\/wp-json\/wp\/v2\/posts\/39038\/revisions"}],"wp:featuredmedia":[{"embeddable":true,"href":"https:\/\/linitiative.ca\/International\/wp-json\/"}],"wp:attachment":[{"href":"https:\/\/linitiative.ca\/International\/wp-json\/wp\/v2\/media?parent=39038"}],"wp:term":[{"taxonomy":"category","embeddable":true,"href":"https:\/\/linitiative.ca\/International\/wp-json\/wp\/v2\/categories?post=39038"},{"taxonomy":"post_tag","embeddable":true,"href":"https:\/\/linitiative.ca\/International\/wp-json\/wp\/v2\/tags?post=39038"}],"curies":[{"name":"wp","href":"https:\/\/api.w.org\/{rel}","templated":true}]}}