{"id":39042,"date":"2019-06-06T12:00:19","date_gmt":"2019-06-06T16:00:19","guid":{"rendered":"https:\/\/linitiative.ca\/International\/mascara-39-incendies-declares-les-deux-jours-de-laid\/"},"modified":"2019-06-06T12:00:19","modified_gmt":"2019-06-06T16:00:19","slug":"mascara-39-incendies-declares-les-deux-jours-de-laid","status":"publish","type":"post","link":"https:\/\/linitiative.ca\/International\/mascara-39-incendies-declares-les-deux-jours-de-laid\/","title":{"rendered":"Mascara : 39 incendies d\u00e9clar\u00e9s les deux jours de l&rsquo;A\u00efd"},"content":{"rendered":"<div>\n<div class=\"K2FeedImage\"><img decoding=\"async\" src=\"http:\/\/www.aps.dz\/media\/k2\/items\/cache\/d1be1ca4f8149f24b88269142d714aa0_S.jpg\" alt=\"Mascara : 39 incendies d\u00e9clar\u00e9s les deux jours de l'A\u00efd\"><\/div>\n<div class=\"K2FeedIntroText\">\n<p><strong>MASCARA &#8211; Les services de la protection civile de la wilaya de Mascara ont enregistr\u00e9 39 incendies durant les deux jours d e l\u2019A\u00efd El Fitr, a-t-on appris, jeudi du responsable de la cellule de communication de cette direction.<\/strong><\/p>\n<\/div>\n<div class=\"K2FeedFullText\">\n<p>Le lieutenant Tahar Mehenni a indiqu\u00e9 que les feux ont \u00e9t\u00e9 relev\u00e9s dans des cimeti\u00e8res, dans des champs agricoles touchant les r\u00e9coltes, aux abords des routes ainsi qu\u2019au sein du tissu urbain.<\/p>\n<p>Aucune perte humaine n\u2019a \u00e9t\u00e9 enregistr\u00e9e suite \u00e0 ces sinistres et les d\u00e9g\u00e2ts mat\u00e9riels sont en cours d\u2019\u00e9valuation par les services concern\u00e9s, a-t-on ajout\u00e9.<\/p>\n<p>Par ailleurs, les m\u00eames services ont enregistr\u00e9 16 accidents de la route, durant la m\u00eame p\u00e9riode, causant la mort de deux personnes alors que deux autres ont \u00e9t\u00e9 bless\u00e9es.<\/p>\n<p>Ces accidents ont \u00e9t\u00e9 caus\u00e9s par des collisions ou des renversement de 25 v\u00e9hicules et une motocycle, a-t-on pr\u00e9cis\u00e9.<\/p>\n<\/div>\n<\/div>\n<p>Auteur:<br \/>\n<a href=\"http:\/\/www.aps.dz\/regions\/90303-mascara-39-incendies-declares-les-deux-jours-de-l-aid\">Cliquez ici pour lire l&rsquo;article depuis sa source.<\/a><\/p>\n","protected":false},"excerpt":{"rendered":"<p>MASCARA &#8211; Les services de la protection civile de la wilaya de Mascara ont enregistr\u00e9 39 incendies durant les deux jours d e l\u2019A\u00efd El Fitr, a-t-on appris, jeudi du responsable de la cellule de communication de cette direction. Le lieutenant Tahar Mehenni a indiqu\u00e9 que les feux ont \u00e9t\u00e9 relev\u00e9s dans des cimeti\u00e8res, dans [&hellip;]<\/p>\n","protected":false},"author":1790,"featured_media":39043,"comment_status":"closed","ping_status":"closed","sticky":false,"template":"","format":"standard","meta":{"fifu_image_url":"","fifu_image_alt":"","footnotes":""},"categories":[53,76],"tags":[],"class_list":["post-39042","post","type-post","status-publish","format-standard","has-post-thumbnail","hentry","category-algerie","category-regions"],"_links":{"self":[{"href":"https:\/\/linitiative.ca\/International\/wp-json\/wp\/v2\/posts\/39042","targetHints":{"allow":["GET"]}}],"collection":[{"href":"https:\/\/linitiative.ca\/International\/wp-json\/wp\/v2\/posts"}],"about":[{"href":"https:\/\/linitiative.ca\/International\/wp-json\/wp\/v2\/types\/post"}],"author":[{"embeddable":true,"href":"https:\/\/linitiative.ca\/International\/wp-json\/wp\/v2\/users\/1790"}],"replies":[{"embeddable":true,"href":"https:\/\/linitiative.ca\/International\/wp-json\/wp\/v2\/comments?post=39042"}],"version-history":[{"count":0,"href":"https:\/\/linitiative.ca\/International\/wp-json\/wp\/v2\/posts\/39042\/revisions"}],"wp:featuredmedia":[{"embeddable":true,"href":"https:\/\/linitiative.ca\/International\/wp-json\/"}],"wp:attachment":[{"href":"https:\/\/linitiative.ca\/International\/wp-json\/wp\/v2\/media?parent=39042"}],"wp:term":[{"taxonomy":"category","embeddable":true,"href":"https:\/\/linitiative.ca\/International\/wp-json\/wp\/v2\/categories?post=39042"},{"taxonomy":"post_tag","embeddable":true,"href":"https:\/\/linitiative.ca\/International\/wp-json\/wp\/v2\/tags?post=39042"}],"curies":[{"name":"wp","href":"https:\/\/api.w.org\/{rel}","templated":true}]}}