{"id":39044,"date":"2019-06-06T12:15:33","date_gmt":"2019-06-06T16:15:33","guid":{"rendered":"https:\/\/linitiative.ca\/International\/can-2019-anas-znaiti-remplace-abdelali-mhamdi\/"},"modified":"2019-06-06T12:15:33","modified_gmt":"2019-06-06T16:15:33","slug":"can-2019-anas-znaiti-remplace-abdelali-mhamdi","status":"publish","type":"post","link":"https:\/\/linitiative.ca\/International\/can-2019-anas-znaiti-remplace-abdelali-mhamdi\/","title":{"rendered":"CAN 2019: Anas Znaiti remplace Abdelali Mhamdi"},"content":{"rendered":"<div class=\"single-featured\"><img alt=\"\" data-src=\"http:\/\/www.mapoujda.ma\/map\/uploads\/2019\/06\/Abdelali-Mhamdi-M-750\u00d7430-1.jpg\"\/><\/div>\n<div class=\"single-post-excerpt post-excerpt-bc\" readability=\"41\">\n<p>Le s\u00e9lectionneur national, Herv\u00e9 Renard, a fait appel au gardien de but du Raja Club Athletic (RCA), Anas Znaiti, pour prendre part au stage de pr\u00e9paration de l\u2019\u00e9quipe nationale \u00ab\u00a0A\u00a0\u00bb, en pr\u00e9vision de la 32\u00e8me \u00e9dition de la Coupe d\u2019Afrique des Nations, pr\u00e9vue du 21 juin au 19 juillet 2019 en Egypte.<\/p>\n<\/div>\n<div class=\"entry-content clearfix single-post-content\" readability=\"59\">\n<p>Znaiti, qui a rejoint le groupe mercredi soir, remplace Abdelali Mhamdi, gardien de but de la Renaissance Sportive de Berkane (RSB), bless\u00e9 \u00e0 l\u2019\u00e9paule gauche mardi 4 juin lors de l\u2019\u00e9chauffement avant le coup d\u2019envoi du match face au Fath Union Sport (FUS) de Rabat pour le compte de la 29\u00e8me journ\u00e9e de Botola Maroc T\u00e9l\u00e9com D1, a indiqu\u00e9 la F\u00e9d\u00e9ration Royale Marocaine de Football (FRMF) sur son site officiel.<\/p>\n<p>Mhamdi avait rejoint, mercredi en matin\u00e9e, le lieu de r\u00e9sidence de l\u2019\u00e9quipe nationale au Centre national de football de Ma\u00e2mora (banlieue de Sal\u00e9), afin de consulter le m\u00e9decin des Lions de l\u2019Atlas.<\/p>\n<p>Apr\u00e8s avoir effectu\u00e9 les examens m\u00e9dicaux n\u00e9cessaires, le m\u00e9decin a constat\u00e9 que le portier de la RSB doit observer une p\u00e9riode de repos et par cons\u00e9quent ne peut pas participer au stage de pr\u00e9paration de la s\u00e9lection nationale.<\/p>\n<p>Ce stage des 27 joueurs, retenus par l\u2019entra\u00eeneur Herv\u00e9 Renard, sert de pr\u00e9paration \u00e0 la CAN 2019 avec la programmation\u00a0de deux matchs amicaux face \u00e0 la Gambie (12 juin) et \u00e0 la Zambie, quatre jours plus tard au Grand Stade de Marrakech.<\/p>\n<\/div>\n<p>Auteur: Soufiane ELAHMAR<br \/>\n<a href=\"http:\/\/www.mapoujda.ma\/fr\/can-2019-anas-znaiti-remplace-abdelali-mhamdi\/\">Cliquez ici pour lire l&rsquo;article depuis sa source.<\/a><\/p>\n","protected":false},"excerpt":{"rendered":"<p>Le s\u00e9lectionneur national, Herv\u00e9 Renard, a fait appel au gardien de but du Raja Club Athletic (RCA), Anas Znaiti, pour prendre part au stage de pr\u00e9paration de l\u2019\u00e9quipe nationale \u00ab\u00a0A\u00a0\u00bb, en pr\u00e9vision de la 32\u00e8me \u00e9dition de la Coupe d\u2019Afrique des Nations, pr\u00e9vue du 21 juin au 19 juillet 2019 en Egypte. Znaiti, qui a [&hellip;]<\/p>\n","protected":false},"author":1788,"featured_media":39045,"comment_status":"closed","ping_status":"closed","sticky":false,"template":"","format":"standard","meta":{"fifu_image_url":"","fifu_image_alt":"","footnotes":""},"categories":[54,76],"tags":[],"class_list":["post-39044","post","type-post","status-publish","format-standard","has-post-thumbnail","hentry","category-maroc","category-regions"],"_links":{"self":[{"href":"https:\/\/linitiative.ca\/International\/wp-json\/wp\/v2\/posts\/39044","targetHints":{"allow":["GET"]}}],"collection":[{"href":"https:\/\/linitiative.ca\/International\/wp-json\/wp\/v2\/posts"}],"about":[{"href":"https:\/\/linitiative.ca\/International\/wp-json\/wp\/v2\/types\/post"}],"author":[{"embeddable":true,"href":"https:\/\/linitiative.ca\/International\/wp-json\/wp\/v2\/users\/1788"}],"replies":[{"embeddable":true,"href":"https:\/\/linitiative.ca\/International\/wp-json\/wp\/v2\/comments?post=39044"}],"version-history":[{"count":0,"href":"https:\/\/linitiative.ca\/International\/wp-json\/wp\/v2\/posts\/39044\/revisions"}],"wp:featuredmedia":[{"embeddable":true,"href":"https:\/\/linitiative.ca\/International\/wp-json\/"}],"wp:attachment":[{"href":"https:\/\/linitiative.ca\/International\/wp-json\/wp\/v2\/media?parent=39044"}],"wp:term":[{"taxonomy":"category","embeddable":true,"href":"https:\/\/linitiative.ca\/International\/wp-json\/wp\/v2\/categories?post=39044"},{"taxonomy":"post_tag","embeddable":true,"href":"https:\/\/linitiative.ca\/International\/wp-json\/wp\/v2\/tags?post=39044"}],"curies":[{"name":"wp","href":"https:\/\/api.w.org\/{rel}","templated":true}]}}