{"id":39047,"date":"2019-06-06T15:13:58","date_gmt":"2019-06-06T19:13:58","guid":{"rendered":"https:\/\/linitiative.ca\/International\/afrique-ahmed-ahmed-president-de-la-caf-a-ete-interpelle-a-paris\/"},"modified":"2019-06-06T15:13:58","modified_gmt":"2019-06-06T19:13:58","slug":"afrique-ahmed-ahmed-president-de-la-caf-a-ete-interpelle-a-paris","status":"publish","type":"post","link":"https:\/\/linitiative.ca\/International\/afrique-ahmed-ahmed-president-de-la-caf-a-ete-interpelle-a-paris\/","title":{"rendered":"Afrique : Ahmed Ahmed, pr\u00e9sident de la CAF, a \u00e9t\u00e9 interpell\u00e9 \u00e0 Paris"},"content":{"rendered":"<div readability=\"32\">\n<p>Auteur : <span class=\"time\">jeudi 06 juin 2019 14:51<\/span><\/p>\n<\/div>\n<div id=\"post_core\" readability=\"40\">\n<p>Ce jeudi matin, le pr\u00e9sident de la CAF Ahmad Ahmad a \u00e9t\u00e9 interpell\u00e9 selon Jeune Afrique pour \u00eatre entendu dans une affaire de corruption par les enqu\u00eateurs de l\u2019Office central de lutte contre la corruption et les infractions financi\u00e8res et fiscales (OCLCIFF). Cette arrestation interviendrait dans le cadre du contrat rompu de mani\u00e8re unilat\u00e9rale par les instances du football africain avec l&rsquo;\u00e9quipementier allemand Puma. La CAF s&rsquo;est tourn\u00e9e r\u00e9cemment vers la soci\u00e9t\u00e9 Technical Steel. L&rsquo;hebdomadaire explique que cette signature \u00ab\u00a0aurait \u00e9t\u00e9 favoris\u00e9e par la proximit\u00e9 entre Ahmad Ahmad et un des dirigeants de l\u2019entreprise fran\u00e7aise, et dont le surco\u00fbt atteindrait 830 000 dollars (739 000 euros).\u00a0\u00bb \u00a0Ahmad Ahmad \u00e9tait \u00e0 Paris en raison du Congr\u00e8s de la FIFA qui a eu lieu mercredi avec \u00e0 la cl\u00e9 la r\u00e9\u00e9lection de Gianni Infantino pour un nouveau mandat de quatre ans. C&rsquo;est aussi \u00e0 Paris que le principal dirigeant du football africain a d\u00e9cid\u00e9 en assembl\u00e9e de rejouer la finale retour de la Ligue des champions de la CAF entre l&rsquo;Esp\u00e9rance Sportive de Tunis et le Wydad Casablanca. L&rsquo;absence d&rsquo;arbitrage vid\u00e9o a cristallis\u00e9 les tensions, notamment au sein de la formation marocaine qui a vu un but valable \u00eatre refus\u00e9 rapporte Goal.<\/p>\n<p><strong>Publi\u00e9 dans :<\/strong> <span>Ahmed Ahmed<\/span><\/p>\n<\/div>\n<p>Auteur:<br \/>\n<a href=\"http:\/\/www.lebuteur.com\/article\/detail?titre=ahmed-ahmed-president-de-la-caf-a-ete-interpelle-a-paris&#038;id=89354&#038;utm_source=feedburner&#038;utm_medium=feed&#038;utm_campaign=Feed%3A+GalerieFArtciles+%28Les+derniers+articles++-+lebuteur.com%29\">Cliquez ici pour lire l&rsquo;article depuis sa source.<\/a><\/p>\n","protected":false},"excerpt":{"rendered":"<p>Auteur : jeudi 06 juin 2019 14:51 Ce jeudi matin, le pr\u00e9sident de la CAF Ahmad Ahmad a \u00e9t\u00e9 interpell\u00e9 selon Jeune Afrique pour \u00eatre entendu dans une affaire de corruption par les enqu\u00eateurs de l\u2019Office central de lutte contre la corruption et les infractions financi\u00e8res et fiscales (OCLCIFF). Cette arrestation interviendrait dans le cadre [&hellip;]<\/p>\n","protected":false},"author":1738,"featured_media":39048,"comment_status":"closed","ping_status":"closed","sticky":false,"template":"","format":"standard","meta":{"fifu_image_url":"","fifu_image_alt":"","footnotes":""},"categories":[53,75],"tags":[],"class_list":["post-39047","post","type-post","status-publish","format-standard","has-post-thumbnail","hentry","category-algerie","category-sport"],"_links":{"self":[{"href":"https:\/\/linitiative.ca\/International\/wp-json\/wp\/v2\/posts\/39047","targetHints":{"allow":["GET"]}}],"collection":[{"href":"https:\/\/linitiative.ca\/International\/wp-json\/wp\/v2\/posts"}],"about":[{"href":"https:\/\/linitiative.ca\/International\/wp-json\/wp\/v2\/types\/post"}],"author":[{"embeddable":true,"href":"https:\/\/linitiative.ca\/International\/wp-json\/wp\/v2\/users\/1738"}],"replies":[{"embeddable":true,"href":"https:\/\/linitiative.ca\/International\/wp-json\/wp\/v2\/comments?post=39047"}],"version-history":[{"count":0,"href":"https:\/\/linitiative.ca\/International\/wp-json\/wp\/v2\/posts\/39047\/revisions"}],"wp:featuredmedia":[{"embeddable":true,"href":"https:\/\/linitiative.ca\/International\/wp-json\/"}],"wp:attachment":[{"href":"https:\/\/linitiative.ca\/International\/wp-json\/wp\/v2\/media?parent=39047"}],"wp:term":[{"taxonomy":"category","embeddable":true,"href":"https:\/\/linitiative.ca\/International\/wp-json\/wp\/v2\/categories?post=39047"},{"taxonomy":"post_tag","embeddable":true,"href":"https:\/\/linitiative.ca\/International\/wp-json\/wp\/v2\/tags?post=39047"}],"curies":[{"name":"wp","href":"https:\/\/api.w.org\/{rel}","templated":true}]}}