{"id":39049,"date":"2019-06-06T15:13:59","date_gmt":"2019-06-06T19:13:59","guid":{"rendered":"https:\/\/linitiative.ca\/International\/equipe-dalgerie-feghouli-il-ny-a-pas-dautre-objectif-que-de-remporter-la-can\/"},"modified":"2019-06-06T15:13:59","modified_gmt":"2019-06-06T19:13:59","slug":"equipe-dalgerie-feghouli-il-ny-a-pas-dautre-objectif-que-de-remporter-la-can","status":"publish","type":"post","link":"https:\/\/linitiative.ca\/International\/equipe-dalgerie-feghouli-il-ny-a-pas-dautre-objectif-que-de-remporter-la-can\/","title":{"rendered":"Equipe d&rsquo;Alg\u00e9rie : Feghouli : \u00abil n\u2019y a pas d\u2019autre objectif que de remporter la CAN\u00bb"},"content":{"rendered":"<div readability=\"32\">\n<p>Auteur : <span>Riad O.<\/span> <span class=\"time\">jeudi 06 juin 2019 14:57<\/span><\/p>\n<\/div>\n<div id=\"post_core\" readability=\"41\">\n<p>A l\u2019instar de Belmadi, Sofiane Feghouli a d\u00e9clar\u00e9 \u00e0 Foot Mercato vouloir remporter la prochaine CAN\u00a0: \u00abC\u2019est une grande fiert\u00e9 et un honneur d\u2019\u00eatre convoqu\u00e9 pour repr\u00e9senter les couleurs de l\u2019\u00e9quipe d\u2019Alg\u00e9rie lors de la prochaine Coupe d\u2019Afrique des Nations. J\u2019aborde cette comp\u00e9tition avec beaucoup d\u2019envie, beaucoup de motivation. On a vraiment envie de faire quelque chose de grand et de faire plaisir aux supporters alg\u00e9riens. J\u2019esp\u00e8re qu\u2019on va aller le plus loin possible et qu\u2019on pourra gagner ce tournoi. Quand je joue une comp\u00e9tition, c\u2019est pour la gagner. Je n\u2019ai pas un autre \u00e9tat d\u2019esprit que de celui de vouloir gagner. J\u2019y vais motiv\u00e9 \u00e0 bloc.\u00bb a-t-il d\u00e9clar\u00e9, avant d\u2019ajouter\u00a0:\u00a0\u00abil n\u2019y a pas d\u2019autre objectif que de remporter la CAN. On veut gagner la CAN, on va prendre les matches les uns apr\u00e8s les autres en respectant tout le monde. On esp\u00e8re \u00eatre solides et remporter cette comp\u00e9tition peu importe la mani\u00e8re. On veut aller au bout, peu importe la mani\u00e8re.\u00bb<\/p>\n<p><strong>Publi\u00e9 dans :<\/strong> <span>Feghouli<\/span><\/p>\n<\/div>\n<p>Auteur:<br \/>\n<a href=\"http:\/\/www.lebuteur.com\/article\/detail?titre=feghouli-il-ny-a-pas-dautre-objectif-que-de-remporter-la-can&#038;id=89355&#038;utm_source=feedburner&#038;utm_medium=feed&#038;utm_campaign=Feed%3A+GalerieFArtciles+%28Les+derniers+articles++-+lebuteur.com%29\">Cliquez ici pour lire l&rsquo;article depuis sa source.<\/a><\/p>\n","protected":false},"excerpt":{"rendered":"<p>Auteur : Riad O. jeudi 06 juin 2019 14:57 A l\u2019instar de Belmadi, Sofiane Feghouli a d\u00e9clar\u00e9 \u00e0 Foot Mercato vouloir remporter la prochaine CAN\u00a0: \u00abC\u2019est une grande fiert\u00e9 et un honneur d\u2019\u00eatre convoqu\u00e9 pour repr\u00e9senter les couleurs de l\u2019\u00e9quipe d\u2019Alg\u00e9rie lors de la prochaine Coupe d\u2019Afrique des Nations. J\u2019aborde cette comp\u00e9tition avec beaucoup d\u2019envie, [&hellip;]<\/p>\n","protected":false},"author":1738,"featured_media":39050,"comment_status":"closed","ping_status":"closed","sticky":false,"template":"","format":"standard","meta":{"fifu_image_url":"","fifu_image_alt":"","footnotes":""},"categories":[53,75],"tags":[],"class_list":["post-39049","post","type-post","status-publish","format-standard","has-post-thumbnail","hentry","category-algerie","category-sport"],"_links":{"self":[{"href":"https:\/\/linitiative.ca\/International\/wp-json\/wp\/v2\/posts\/39049","targetHints":{"allow":["GET"]}}],"collection":[{"href":"https:\/\/linitiative.ca\/International\/wp-json\/wp\/v2\/posts"}],"about":[{"href":"https:\/\/linitiative.ca\/International\/wp-json\/wp\/v2\/types\/post"}],"author":[{"embeddable":true,"href":"https:\/\/linitiative.ca\/International\/wp-json\/wp\/v2\/users\/1738"}],"replies":[{"embeddable":true,"href":"https:\/\/linitiative.ca\/International\/wp-json\/wp\/v2\/comments?post=39049"}],"version-history":[{"count":0,"href":"https:\/\/linitiative.ca\/International\/wp-json\/wp\/v2\/posts\/39049\/revisions"}],"wp:featuredmedia":[{"embeddable":true,"href":"https:\/\/linitiative.ca\/International\/wp-json\/"}],"wp:attachment":[{"href":"https:\/\/linitiative.ca\/International\/wp-json\/wp\/v2\/media?parent=39049"}],"wp:term":[{"taxonomy":"category","embeddable":true,"href":"https:\/\/linitiative.ca\/International\/wp-json\/wp\/v2\/categories?post=39049"},{"taxonomy":"post_tag","embeddable":true,"href":"https:\/\/linitiative.ca\/International\/wp-json\/wp\/v2\/tags?post=39049"}],"curies":[{"name":"wp","href":"https:\/\/api.w.org\/{rel}","templated":true}]}}