{"id":39051,"date":"2019-06-06T15:14:01","date_gmt":"2019-06-06T19:14:01","guid":{"rendered":"https:\/\/linitiative.ca\/International\/equipe-dalgerie-feghouli-commente-le-groupe-de-len-a-la-can\/"},"modified":"2019-06-06T15:14:01","modified_gmt":"2019-06-06T19:14:01","slug":"equipe-dalgerie-feghouli-commente-le-groupe-de-len-a-la-can","status":"publish","type":"post","link":"https:\/\/linitiative.ca\/International\/equipe-dalgerie-feghouli-commente-le-groupe-de-len-a-la-can\/","title":{"rendered":"Equipe d&rsquo;Alg\u00e9rie : Feghouli commente le groupe de l\u2019EN \u00e0 la CAN"},"content":{"rendered":"<div readability=\"32\">\n<p>Auteur : <span>Riad O.<\/span> <span class=\"time\">jeudi 06 juin 2019 14:59<\/span><\/p>\n<\/div>\n<div id=\"post_core\" readability=\"41\">\n<p>Sofiane Feghouli a comment\u00e9 le groupe des Verts \u00e0 la CAN\u00a0:\u00a0\u00abil n\u2019y a pas d\u2019\u00e9quipe facile en Afrique. Comme tout le monde, j\u2019ai regard\u00e9 notre groupe. Je ne connais pas beaucoup le Kenya et la Tanzanie. Avec le staff technique, on va \u00e9tudier \u00e7a. On sait que \u00e7a ne sera pas facile. Si ces \u00e9quipes sont qualifi\u00e9es pour la CAN, elles le m\u00e9ritent et elles vont vouloir le d\u00e9montrer. Elles ne sont pas l\u00e0 pour rien. Il va falloir les respecter. Nous, on va essayer d\u2019\u00eatre solides et de gagner tous les matches en mouillant le maillot et en jouant ensemble pour l\u2019\u00e9quipe.\u00bb a-t-il d\u00e9clar\u00e9 \u00e0 Foot Mercato.<\/p>\n<p><strong>Publi\u00e9 dans :<\/strong> <span>en<\/span> <span>Feghouli<\/span><\/p>\n<\/div>\n<p>Auteur:<br \/>\n<a href=\"http:\/\/www.lebuteur.com\/article\/detail?titre=feghouli-commente-le-groupe-de-len-a-la-can&#038;id=89356&#038;utm_source=feedburner&#038;utm_medium=feed&#038;utm_campaign=Feed%3A+GalerieFArtciles+%28Les+derniers+articles++-+lebuteur.com%29\">Cliquez ici pour lire l&rsquo;article depuis sa source.<\/a><\/p>\n","protected":false},"excerpt":{"rendered":"<p>Auteur : Riad O. jeudi 06 juin 2019 14:59 Sofiane Feghouli a comment\u00e9 le groupe des Verts \u00e0 la CAN\u00a0:\u00a0\u00abil n\u2019y a pas d\u2019\u00e9quipe facile en Afrique. Comme tout le monde, j\u2019ai regard\u00e9 notre groupe. Je ne connais pas beaucoup le Kenya et la Tanzanie. Avec le staff technique, on va \u00e9tudier \u00e7a. On sait [&hellip;]<\/p>\n","protected":false},"author":1738,"featured_media":39052,"comment_status":"closed","ping_status":"closed","sticky":false,"template":"","format":"standard","meta":{"fifu_image_url":"","fifu_image_alt":"","footnotes":""},"categories":[53,75],"tags":[],"class_list":["post-39051","post","type-post","status-publish","format-standard","has-post-thumbnail","hentry","category-algerie","category-sport"],"_links":{"self":[{"href":"https:\/\/linitiative.ca\/International\/wp-json\/wp\/v2\/posts\/39051","targetHints":{"allow":["GET"]}}],"collection":[{"href":"https:\/\/linitiative.ca\/International\/wp-json\/wp\/v2\/posts"}],"about":[{"href":"https:\/\/linitiative.ca\/International\/wp-json\/wp\/v2\/types\/post"}],"author":[{"embeddable":true,"href":"https:\/\/linitiative.ca\/International\/wp-json\/wp\/v2\/users\/1738"}],"replies":[{"embeddable":true,"href":"https:\/\/linitiative.ca\/International\/wp-json\/wp\/v2\/comments?post=39051"}],"version-history":[{"count":0,"href":"https:\/\/linitiative.ca\/International\/wp-json\/wp\/v2\/posts\/39051\/revisions"}],"wp:featuredmedia":[{"embeddable":true,"href":"https:\/\/linitiative.ca\/International\/wp-json\/"}],"wp:attachment":[{"href":"https:\/\/linitiative.ca\/International\/wp-json\/wp\/v2\/media?parent=39051"}],"wp:term":[{"taxonomy":"category","embeddable":true,"href":"https:\/\/linitiative.ca\/International\/wp-json\/wp\/v2\/categories?post=39051"},{"taxonomy":"post_tag","embeddable":true,"href":"https:\/\/linitiative.ca\/International\/wp-json\/wp\/v2\/tags?post=39051"}],"curies":[{"name":"wp","href":"https:\/\/api.w.org\/{rel}","templated":true}]}}