{"id":39053,"date":"2019-06-06T15:14:02","date_gmt":"2019-06-06T19:14:02","guid":{"rendered":"https:\/\/linitiative.ca\/International\/equipe-dalgerie-feghouli-je-suis-au-service-du-collectif-je-vais-aider-mes-partenaires\/"},"modified":"2019-06-06T15:14:02","modified_gmt":"2019-06-06T19:14:02","slug":"equipe-dalgerie-feghouli-je-suis-au-service-du-collectif-je-vais-aider-mes-partenaires","status":"publish","type":"post","link":"https:\/\/linitiative.ca\/International\/equipe-dalgerie-feghouli-je-suis-au-service-du-collectif-je-vais-aider-mes-partenaires\/","title":{"rendered":"Equipe d&rsquo;Alg\u00e9rie : Feghouli : \u00abje suis au service du collectif, je vais aider mes partenaires\u00bb"},"content":{"rendered":"<div readability=\"32\">\n<p>Auteur : <span>Riad O.<\/span> <span class=\"time\">jeudi 06 juin 2019 15:03<\/span><\/p>\n<\/div>\n<div id=\"post_core\" readability=\"42\">\n<p>A la question de savoir s\u2019il se sent l\u2019\u00e2me d\u2019un leader de l\u2019EN, Sofiane Feghouli a expliqu\u00e9 \u00e0 Foot Mercato: \u00abSinc\u00e8rement, \u00e7a fait longtemps que je suis en \u00e9quipe nationale. Je vais mettre les m\u00eames ingr\u00e9dients que d\u2019habitude c\u2019est-\u00e0-dire donner le meilleur de moi-m\u00eame, essayer d\u2019\u00eatre exemplaire et motiver mes co\u00e9quipiers. Je ne sais pas si je vais jouer ou d\u00e9marrer la comp\u00e9tition. Si le s\u00e9lectionneur me fait jouer cinq minutes ou me fait d\u00e9marrer, \u00e7a ne change rien du tout pour moi. Je suis l\u00e0 pour ramener un troph\u00e9e, je suis au service du collectif, je vais aider mes partenaires. On a besoin d\u2019\u00eatre tous ensemble. Ceux qui vont jouer, ceux qui vont moins jouer. On doit \u00eatre ensemble et r\u00e9pondre pr\u00e9sent quand le s\u00e9lectionneur fera appel \u00e0 nous. On aura besoin de tout le monde pour aller loin dans cette comp\u00e9tition.<\/p>\n<p><strong>Publi\u00e9 dans :<\/strong> <span>Feghouli<\/span><\/p>\n<\/div>\n<p>Auteur:<br \/>\n<a href=\"http:\/\/www.lebuteur.com\/article\/detail?titre=feghouli-je-suis-au-service-du-collectif-je-vais-aider-mes-partenaires&#038;id=89357&#038;utm_source=feedburner&#038;utm_medium=feed&#038;utm_campaign=Feed%3A+GalerieFArtciles+%28Les+derniers+articles++-+lebuteur.com%29\">Cliquez ici pour lire l&rsquo;article depuis sa source.<\/a><\/p>\n","protected":false},"excerpt":{"rendered":"<p>Auteur : Riad O. jeudi 06 juin 2019 15:03 A la question de savoir s\u2019il se sent l\u2019\u00e2me d\u2019un leader de l\u2019EN, Sofiane Feghouli a expliqu\u00e9 \u00e0 Foot Mercato: \u00abSinc\u00e8rement, \u00e7a fait longtemps que je suis en \u00e9quipe nationale. Je vais mettre les m\u00eames ingr\u00e9dients que d\u2019habitude c\u2019est-\u00e0-dire donner le meilleur de moi-m\u00eame, essayer d\u2019\u00eatre [&hellip;]<\/p>\n","protected":false},"author":1738,"featured_media":39054,"comment_status":"closed","ping_status":"closed","sticky":false,"template":"","format":"standard","meta":{"fifu_image_url":"","fifu_image_alt":"","footnotes":""},"categories":[53,75],"tags":[],"class_list":["post-39053","post","type-post","status-publish","format-standard","has-post-thumbnail","hentry","category-algerie","category-sport"],"_links":{"self":[{"href":"https:\/\/linitiative.ca\/International\/wp-json\/wp\/v2\/posts\/39053","targetHints":{"allow":["GET"]}}],"collection":[{"href":"https:\/\/linitiative.ca\/International\/wp-json\/wp\/v2\/posts"}],"about":[{"href":"https:\/\/linitiative.ca\/International\/wp-json\/wp\/v2\/types\/post"}],"author":[{"embeddable":true,"href":"https:\/\/linitiative.ca\/International\/wp-json\/wp\/v2\/users\/1738"}],"replies":[{"embeddable":true,"href":"https:\/\/linitiative.ca\/International\/wp-json\/wp\/v2\/comments?post=39053"}],"version-history":[{"count":0,"href":"https:\/\/linitiative.ca\/International\/wp-json\/wp\/v2\/posts\/39053\/revisions"}],"wp:featuredmedia":[{"embeddable":true,"href":"https:\/\/linitiative.ca\/International\/wp-json\/"}],"wp:attachment":[{"href":"https:\/\/linitiative.ca\/International\/wp-json\/wp\/v2\/media?parent=39053"}],"wp:term":[{"taxonomy":"category","embeddable":true,"href":"https:\/\/linitiative.ca\/International\/wp-json\/wp\/v2\/categories?post=39053"},{"taxonomy":"post_tag","embeddable":true,"href":"https:\/\/linitiative.ca\/International\/wp-json\/wp\/v2\/tags?post=39053"}],"curies":[{"name":"wp","href":"https:\/\/api.w.org\/{rel}","templated":true}]}}