{"id":39055,"date":"2019-06-06T15:14:04","date_gmt":"2019-06-06T19:14:04","guid":{"rendered":"https:\/\/linitiative.ca\/International\/equipe-dalgerie-feghouli-commente-la-non-convocation-de-ghoulam-et-delort-a-la-can\/"},"modified":"2019-06-06T15:14:04","modified_gmt":"2019-06-06T19:14:04","slug":"equipe-dalgerie-feghouli-commente-la-non-convocation-de-ghoulam-et-delort-a-la-can","status":"publish","type":"post","link":"https:\/\/linitiative.ca\/International\/equipe-dalgerie-feghouli-commente-la-non-convocation-de-ghoulam-et-delort-a-la-can\/","title":{"rendered":"Equipe d&rsquo;Alg\u00e9rie : Feghouli commente la non-convocation de Ghoulam et Delort \u00e0 la CAN"},"content":{"rendered":"<div readability=\"32\">\n<p>Auteur : <span>Riad O.<\/span> <span class=\"time\">jeudi 06 juin 2019 15:08<\/span><\/p>\n<\/div>\n<div id=\"post_core\" readability=\"42\">\n<p>Sofiane Feghouli a donn\u00e9 son avis sur l\u2019absence de Faouzi Ghoulam et Andy Delort \u00e0 la CAN\u00a0:\u00a0\u00abj\u2019ai suivi le fait qu\u2019Andy Delort avait entam\u00e9 les d\u00e9marches administratives pour avoir le passeport alg\u00e9rien. Il devait aussi changer de nationalit\u00e9 sportive. Je ne sais pas si \u00e7a a \u00e9t\u00e9 fait \u00e0 temps. En tout cas, s\u2019il a son passeport et qu\u2019il avait d\u00e9cid\u00e9 de changer de nationalit\u00e9 sportive, c\u2019est qu\u2019il \u00e9tait convocable. Mais il y a plein d\u2019autres joueurs qui peuvent postuler en \u00e9quipe nationale. C\u2019est du ressort du s\u00e9lectionneur. C\u2019est lui qui d\u00e9cide. Concernant Faouzi (Ghoulam), je n\u2019ai pas trop suivi. Mais on a Ramy (Bensebaini) et Mohamed Far\u00e8s qui sont excellents \u00e0 ce poste. Il y a une concurrence f\u00e9roce, ce n\u2019est pas facile. S\u2019il n\u2019est pas l\u00e0, c\u2019est que le s\u00e9lectionneur a fait son choix et il faut le respecter.\u00bb<\/p>\n<p><strong>Publi\u00e9 dans :<\/strong> <span>ghoulam<\/span> <span>Delort<\/span><\/p>\n<\/div>\n<p>Auteur:<br \/>\n<a href=\"http:\/\/www.lebuteur.com\/article\/detail?titre=feghouli-commente-la-non-convocation-de-ghoulam-et-delort-a-la-can&#038;id=89358&#038;utm_source=feedburner&#038;utm_medium=feed&#038;utm_campaign=Feed%3A+GalerieFArtciles+%28Les+derniers+articles++-+lebuteur.com%29\">Cliquez ici pour lire l&rsquo;article depuis sa source.<\/a><\/p>\n","protected":false},"excerpt":{"rendered":"<p>Auteur : Riad O. jeudi 06 juin 2019 15:08 Sofiane Feghouli a donn\u00e9 son avis sur l\u2019absence de Faouzi Ghoulam et Andy Delort \u00e0 la CAN\u00a0:\u00a0\u00abj\u2019ai suivi le fait qu\u2019Andy Delort avait entam\u00e9 les d\u00e9marches administratives pour avoir le passeport alg\u00e9rien. Il devait aussi changer de nationalit\u00e9 sportive. Je ne sais pas si \u00e7a a [&hellip;]<\/p>\n","protected":false},"author":1738,"featured_media":39056,"comment_status":"closed","ping_status":"closed","sticky":false,"template":"","format":"standard","meta":{"fifu_image_url":"","fifu_image_alt":"","footnotes":""},"categories":[53,75],"tags":[],"class_list":["post-39055","post","type-post","status-publish","format-standard","has-post-thumbnail","hentry","category-algerie","category-sport"],"_links":{"self":[{"href":"https:\/\/linitiative.ca\/International\/wp-json\/wp\/v2\/posts\/39055","targetHints":{"allow":["GET"]}}],"collection":[{"href":"https:\/\/linitiative.ca\/International\/wp-json\/wp\/v2\/posts"}],"about":[{"href":"https:\/\/linitiative.ca\/International\/wp-json\/wp\/v2\/types\/post"}],"author":[{"embeddable":true,"href":"https:\/\/linitiative.ca\/International\/wp-json\/wp\/v2\/users\/1738"}],"replies":[{"embeddable":true,"href":"https:\/\/linitiative.ca\/International\/wp-json\/wp\/v2\/comments?post=39055"}],"version-history":[{"count":0,"href":"https:\/\/linitiative.ca\/International\/wp-json\/wp\/v2\/posts\/39055\/revisions"}],"wp:featuredmedia":[{"embeddable":true,"href":"https:\/\/linitiative.ca\/International\/wp-json\/"}],"wp:attachment":[{"href":"https:\/\/linitiative.ca\/International\/wp-json\/wp\/v2\/media?parent=39055"}],"wp:term":[{"taxonomy":"category","embeddable":true,"href":"https:\/\/linitiative.ca\/International\/wp-json\/wp\/v2\/categories?post=39055"},{"taxonomy":"post_tag","embeddable":true,"href":"https:\/\/linitiative.ca\/International\/wp-json\/wp\/v2\/tags?post=39055"}],"curies":[{"name":"wp","href":"https:\/\/api.w.org\/{rel}","templated":true}]}}