{"id":39057,"date":"2019-06-06T15:14:04","date_gmt":"2019-06-06T19:14:04","guid":{"rendered":"https:\/\/linitiative.ca\/International\/equipe-dalgerie-feghouli-belmadi-est-la-personne-ideale-pour-la-selection-algerienne\/"},"modified":"2019-06-06T15:14:04","modified_gmt":"2019-06-06T19:14:04","slug":"equipe-dalgerie-feghouli-belmadi-est-la-personne-ideale-pour-la-selection-algerienne","status":"publish","type":"post","link":"https:\/\/linitiative.ca\/International\/equipe-dalgerie-feghouli-belmadi-est-la-personne-ideale-pour-la-selection-algerienne\/","title":{"rendered":"Equipe d&rsquo;Alg\u00e9rie : Feghouli : \u00abBelmadi est la personne id\u00e9ale pour la s\u00e9lection alg\u00e9rienne\u00bb"},"content":{"rendered":"<div readability=\"32\">\n<p>Auteur : <span>Riad O.<\/span> <span class=\"time\">jeudi 06 juin 2019 15:11<\/span><\/p>\n<\/div>\n<div id=\"post_core\" readability=\"41\">\n<p>Feghouli n\u2019a pas tari d\u2019\u00e9loges sur le s\u00e9lectionneur national, Djamel Belmadi\u00a0:\u00a0\u00abj\u2019ai de tr\u00e8s bonnes relations avec lui, comme le reste de l\u2019effectif je pense. Djamel est la personne id\u00e9ale pour la s\u00e9lection alg\u00e9rienne. C\u2019est un meneur d\u2019hommes, un coach comp\u00e9tent. Il nous motive sans arr\u00eat, il sait comment nous piquer, nous toucher et nous motiver. \u00c0 nous de lui rendre la confiance qu\u2019il nous transmet sur le terrain et de repr\u00e9senter au mieux l\u2019\u00e9quipe nationale. On forme une belle famille en \u00e9quipe nationale. Maintenant, il nous faut des r\u00e9sultats. Il n\u2019y a que \u00e7a qui donnera de la continuit\u00e9 et de la joie \u00e0 tous les Alg\u00e9riens et \u00e0 nous les joueurs.\u00bb a-t-il d\u00e9clar\u00e9 \u00e0 Foot Mercato.<\/p>\n<p><strong>Publi\u00e9 dans :<\/strong> <span>Belmadi<\/span><\/p>\n<\/div>\n<p>Auteur:<br \/>\n<a href=\"http:\/\/www.lebuteur.com\/article\/detail?titre=feghouli-belmadi-est-la-personne-ideale-pour-la-selection-algerienne&#038;id=89359&#038;utm_source=feedburner&#038;utm_medium=feed&#038;utm_campaign=Feed%3A+GalerieFArtciles+%28Les+derniers+articles++-+lebuteur.com%29\">Cliquez ici pour lire l&rsquo;article depuis sa source.<\/a><\/p>\n","protected":false},"excerpt":{"rendered":"<p>Auteur : Riad O. jeudi 06 juin 2019 15:11 Feghouli n\u2019a pas tari d\u2019\u00e9loges sur le s\u00e9lectionneur national, Djamel Belmadi\u00a0:\u00a0\u00abj\u2019ai de tr\u00e8s bonnes relations avec lui, comme le reste de l\u2019effectif je pense. Djamel est la personne id\u00e9ale pour la s\u00e9lection alg\u00e9rienne. C\u2019est un meneur d\u2019hommes, un coach comp\u00e9tent. Il nous motive sans arr\u00eat, il [&hellip;]<\/p>\n","protected":false},"author":1738,"featured_media":39058,"comment_status":"closed","ping_status":"closed","sticky":false,"template":"","format":"standard","meta":{"fifu_image_url":"","fifu_image_alt":"","footnotes":""},"categories":[53,75],"tags":[],"class_list":["post-39057","post","type-post","status-publish","format-standard","has-post-thumbnail","hentry","category-algerie","category-sport"],"_links":{"self":[{"href":"https:\/\/linitiative.ca\/International\/wp-json\/wp\/v2\/posts\/39057","targetHints":{"allow":["GET"]}}],"collection":[{"href":"https:\/\/linitiative.ca\/International\/wp-json\/wp\/v2\/posts"}],"about":[{"href":"https:\/\/linitiative.ca\/International\/wp-json\/wp\/v2\/types\/post"}],"author":[{"embeddable":true,"href":"https:\/\/linitiative.ca\/International\/wp-json\/wp\/v2\/users\/1738"}],"replies":[{"embeddable":true,"href":"https:\/\/linitiative.ca\/International\/wp-json\/wp\/v2\/comments?post=39057"}],"version-history":[{"count":0,"href":"https:\/\/linitiative.ca\/International\/wp-json\/wp\/v2\/posts\/39057\/revisions"}],"wp:featuredmedia":[{"embeddable":true,"href":"https:\/\/linitiative.ca\/International\/wp-json\/"}],"wp:attachment":[{"href":"https:\/\/linitiative.ca\/International\/wp-json\/wp\/v2\/media?parent=39057"}],"wp:term":[{"taxonomy":"category","embeddable":true,"href":"https:\/\/linitiative.ca\/International\/wp-json\/wp\/v2\/categories?post=39057"},{"taxonomy":"post_tag","embeddable":true,"href":"https:\/\/linitiative.ca\/International\/wp-json\/wp\/v2\/tags?post=39057"}],"curies":[{"name":"wp","href":"https:\/\/api.w.org\/{rel}","templated":true}]}}