{"id":39059,"date":"2019-06-06T08:18:32","date_gmt":"2019-06-06T12:18:32","guid":{"rendered":"https:\/\/linitiative.ca\/International\/90296-3e-edition-du-triathlon-north-africa-une-centaine-d-athletes-vendredi-a-oran\/"},"modified":"2019-06-06T08:18:32","modified_gmt":"2019-06-06T12:18:32","slug":"90296-3e-edition-du-triathlon-north-africa-une-centaine-d-athletes-vendredi-a-oran","status":"publish","type":"post","link":"https:\/\/linitiative.ca\/International\/90296-3e-edition-du-triathlon-north-africa-une-centaine-d-athletes-vendredi-a-oran\/","title":{"rendered":"3e \u00e9dition du Triathlon North Africa: une centaine d\u2019athl\u00e8tes vendredi \u00e0 Oran"},"content":{"rendered":"<div>\n<div class=\"K2FeedImage\"><img decoding=\"async\" src=\"http:\/\/www.aps.dz\/media\/k2\/items\/cache\/e6b87373218e4540f625ee19a19aea4e_S.jpg\" alt=\"3e \u00e9dition du Triathlon North Africa: une centaine d\u2019athl\u00e8tes vendredi \u00e0 Oran\"><\/div>\n<div class=\"K2FeedIntroText\">\n<p><strong>ORAN &#8211; La wilaya d&rsquo;Oran abritera vendredi la troisi\u00e8me \u00e9dition du Triathlon North Africa Sprint moyenne et longue distances comme ce fut le cas lors des deux premi\u00e8res \u00e9ditions, a-t-on appris jeudi des organisateurs.<\/strong><\/p>\n<\/div>\n<div class=\"K2FeedFullText\">\n<p>Cette troisi\u00e8me exp\u00e9rience sera marqu\u00e9e une hausse sensible du nombre de participants, puisqu\u2019il sera question de la pr\u00e9sence d\u2019une centaine d\u2019athl\u00e8tes repr\u00e9sentant pas moins de 12 wilayas, alors qu&rsquo;avant, seules Oran et Alger \u00e9taient repr\u00e9sent\u00e9es dans cet \u00e9v\u00e8nement, a indiqu\u00e9 \u00e0 l\u2019APS, Nabil Chiali, responsable de l\u2019agence Triathlon North Africa.<\/p>\n<p>Outre la participation alg\u00e9rienne, il y aura \u00e9galement la pr\u00e9sence de cinq athl\u00e8tes \u00e9trangers, a pr\u00e9cis\u00e9 la m\u00eame source, ajoutant que pour cette fois-ci les organisateurs ont ouvert l\u2019inscription aux enfants pour vivre cette aventure in\u00e9dite.<\/p>\n<p>Le m\u00eame responsable a fait savoir, en outre, que dor\u00e9navant le triathlon North Africa de moyenne et longue distances sera adopt\u00e9 lors des \u00e9ditions pr\u00e9vues \u00e0 Taghit (B\u00e9char), alors que celui de sprint sera r\u00e9serv\u00e9 exclusivement aux \u00e9preuves qui auront pour th\u00e9\u00e2tre le complexe \u00ab\u00a0les Andalouses\u00a0\u00bb d&rsquo;Oran.<\/p>\n<hr>\n<h3>Lire aussi:\u00a0<a href=\"http:\/\/www.aps.dz\/sport\/82283-triathlon-extreme-de-taghit-une-centaine-d-athletes-pour-la-1e-edition\" target=\"_blank\" rel=\"noopener noreferrer\">Triathlon extr\u00eame de Taghit: une centaine d&rsquo;athl\u00e8tes pour la 1e \u00e9dition<\/a><\/h3>\n<hr>\n<p>Au menu de cette troisi\u00e8me \u00e9dition, trois \u00e9preuves : natation (750 m), v\u00e9lo (20 km) et course \u00e0 pied (5 km), a-t-il d\u00e9taill\u00e9.<\/p>\n<p>Ce triathlon North Africa a \u00e9t\u00e9 initi\u00e9 par les fr\u00e8res tch\u00e8ques Atarsia et Adam Kuba, natifs d\u2019Alg\u00e9rie. Ce sont des internationaux tch\u00e8ques qui connaissent bien l\u2019Alg\u00e9rie. Ils se lient d\u2019amiti\u00e9 depuis 2011 avec un rameur alg\u00e9rien et finissent par s\u2019entrainer ensemble. Lors d\u2019une s\u00e9ance d\u2019entrainement en mer, ils tombent sous le charme de la Corniche oranaise et de ses belles c\u00f4tes, notamment le complexe des Andalouses. C\u2019est alors que l\u2019id\u00e9e d\u2019organiser un triathlon international \u00e0 Oran a germ\u00e9. Le projet a \u00e9t\u00e9 concr\u00e9tis\u00e9 avec l\u2019aide du club oranais d\u2019aviron, le CSUO, pr\u00e9sid\u00e9 par Tekouk Noureddine.<\/p>\n<p>Apr\u00e8s une premi\u00e8re \u00e9dition organis\u00e9e en avril 2018 \u00e0 Oran, l\u2019Alg\u00e9rie avait abrit\u00e9 une deuxi\u00e8me \u00e0 Taghit en fin d&rsquo;ann\u00e9e 2018, rappelle-t-on.<\/p>\n<\/div>\n<p><img loading=\"lazy\" decoding=\"async\" src=\"http:\/\/feeds.feedburner.com\/~r\/aps-sport\/~4\/FLfE4n5mwyI\" height=\"1\" width=\"1\" alt=\"\"><\/div>\n<p>Auteur:<br \/>\n<a href=\"http:\/\/www.aps.dz\/sport\/90296-3e-edition-du-triathlon-north-africa-une-centaine-d-athletes-vendredi-a-oran?utm_source=feedburner&#038;utm_medium=feed&#038;utm_campaign=Feed%3A+aps-sport+%28APS+-+SPORT%29\">Cliquez ici pour lire l&rsquo;article depuis sa source.<\/a><\/p>\n","protected":false},"excerpt":{"rendered":"<p>ORAN &#8211; La wilaya d&rsquo;Oran abritera vendredi la troisi\u00e8me \u00e9dition du Triathlon North Africa Sprint moyenne et longue distances comme ce fut le cas lors des deux premi\u00e8res \u00e9ditions, a-t-on appris jeudi des organisateurs. Cette troisi\u00e8me exp\u00e9rience sera marqu\u00e9e une hausse sensible du nombre de participants, puisqu\u2019il sera question de la pr\u00e9sence d\u2019une centaine d\u2019athl\u00e8tes [&hellip;]<\/p>\n","protected":false},"author":1790,"featured_media":39060,"comment_status":"closed","ping_status":"closed","sticky":false,"template":"","format":"standard","meta":{"fifu_image_url":"","fifu_image_alt":"","footnotes":""},"categories":[53,75],"tags":[],"class_list":["post-39059","post","type-post","status-publish","format-standard","has-post-thumbnail","hentry","category-algerie","category-sport"],"_links":{"self":[{"href":"https:\/\/linitiative.ca\/International\/wp-json\/wp\/v2\/posts\/39059","targetHints":{"allow":["GET"]}}],"collection":[{"href":"https:\/\/linitiative.ca\/International\/wp-json\/wp\/v2\/posts"}],"about":[{"href":"https:\/\/linitiative.ca\/International\/wp-json\/wp\/v2\/types\/post"}],"author":[{"embeddable":true,"href":"https:\/\/linitiative.ca\/International\/wp-json\/wp\/v2\/users\/1790"}],"replies":[{"embeddable":true,"href":"https:\/\/linitiative.ca\/International\/wp-json\/wp\/v2\/comments?post=39059"}],"version-history":[{"count":0,"href":"https:\/\/linitiative.ca\/International\/wp-json\/wp\/v2\/posts\/39059\/revisions"}],"wp:featuredmedia":[{"embeddable":true,"href":"https:\/\/linitiative.ca\/International\/wp-json\/"}],"wp:attachment":[{"href":"https:\/\/linitiative.ca\/International\/wp-json\/wp\/v2\/media?parent=39059"}],"wp:term":[{"taxonomy":"category","embeddable":true,"href":"https:\/\/linitiative.ca\/International\/wp-json\/wp\/v2\/categories?post=39059"},{"taxonomy":"post_tag","embeddable":true,"href":"https:\/\/linitiative.ca\/International\/wp-json\/wp\/v2\/tags?post=39059"}],"curies":[{"name":"wp","href":"https:\/\/api.w.org\/{rel}","templated":true}]}}