{"id":39061,"date":"2019-06-06T11:15:04","date_gmt":"2019-06-06T15:15:04","guid":{"rendered":"https:\/\/linitiative.ca\/International\/90300-asmo-la-sspa-en-etat-de-faillite-les-repreneurs-ne-se-bousculent-pas-au-portillon\/"},"modified":"2019-06-06T11:15:04","modified_gmt":"2019-06-06T15:15:04","slug":"90300-asmo-la-sspa-en-etat-de-faillite-les-repreneurs-ne-se-bousculent-pas-au-portillon","status":"publish","type":"post","link":"https:\/\/linitiative.ca\/International\/90300-asmo-la-sspa-en-etat-de-faillite-les-repreneurs-ne-se-bousculent-pas-au-portillon\/","title":{"rendered":"ASMO : la SSPA en \u00e9tat de faillite, les repreneurs ne se bousculent pas au portillon"},"content":{"rendered":"<div>\n<div class=\"K2FeedImage\"><img decoding=\"async\" src=\"http:\/\/www.aps.dz\/media\/k2\/items\/cache\/74005add41f3a40dab9ae83f3daed394_S.jpg\" alt=\"ASMO : la SSPA en \u00e9tat de faillite, les repreneurs ne se bousculent pas au portillon\"><\/div>\n<div class=\"K2FeedIntroText\">\n<p><strong>ORAN &#8211; La situation confuse que conna\u00eet l\u2019ASM Oran a conduit \u00e0 la programmation d\u2019une assembl\u00e9e g\u00e9n\u00e9rale des actionnaires pour le 16 juin pendant laquelle beaucoup de d\u00e9parts sont pr\u00e9vus au moment o\u00f9 les repreneurs ne se bousculent pas au portillon, a-t-on appris de ce club de Ligue 2 de football.<\/strong><\/p>\n<\/div>\n<div class=\"K2FeedFullText\">\n<p>L\u2019ASMO, qui vient de vivre une saison tumultueuse, a attendu l\u2019avant-derni\u00e8re journ\u00e9e du championnat pour pr\u00e9server sa place parmi les pensionnaires de l\u2019antichambre. Une m\u00e9saventure justifi\u00e9e par sa direction par la crise financi\u00e8re permanente qui touche le deuxi\u00e8me club phare de la capitale de l\u2019Ouest du pays depuis plusieurs ann\u00e9es.<\/p>\n<p>Le pr\u00e9sident du Club sportif amateur (CSA), Merouane Beghor, a \u00e9t\u00e9 le premier \u00e0 \u00ab\u00a0craquer\u00a0\u00bb en annon\u00e7ant son retrait d\u00e9finitif des affaires de l\u2019\u00e9quipe de football que g\u00e8re la Soci\u00e9t\u00e9 sportive par actions (SSPA) pour se consacrer exclusivement aux autres sections que compte de le CSA.<\/p>\n<p>Le d\u00e9part de Beghor, s\u2019il venait \u00e0 \u00eatre confirm\u00e9, sera un coup dur pour l\u2019ASMO puisque ce responsable est consid\u00e9r\u00e9 comme \u00e9tant le principal bailleur de fonds de l\u2019\u00e9quipe de football, d\u00e9pourvue de sponsors depuis d\u00e9j\u00e0 presque deux ann\u00e9es. L\u2019annonce du pr\u00e9sident du CSA, faite en marge de l\u2019AG ordinaire, d\u00e9but mai pass\u00e9, a plong\u00e9 dans la panique la famille as\u00e9mite.<\/p>\n<p>Les autres dirigeants ont vite affich\u00e9 leur intention de suivre ses traces. Du coup, la nouvelle saison de l\u2019ASMO est d\u00e9j\u00e0 compromise, selon les observateurs et aussi les supporters du club qui se sont empress\u00e9s d&rsquo;interpeller les autorit\u00e9s locales, en particulier le directeur de la jeunesse et des sports pour l\u2019exhorter \u00e0 mettre le hol\u00e0 avant qu\u2019il ne soit trop tard.<\/p>\n<p>La formation de \u00ab\u00a0M\u2019dina J\u2019dida\u00a0\u00bb risque tout simplement de se retrouver sans ma\u00eetre \u00e0 bord. Une situation in\u00e9dite pouvant mettre en danger l\u2019ASMO, surtout que rien ne se profile \u00e0 l\u2019horizon concernant une \u00e9ventuelle reprise de la SSPA du club par un ou plusieurs investisseurs. Le wali d\u2019Oran, Mouloud Cherifi, avait annonc\u00e9 en janvier dernier qu\u2019il comptait entreprendre des d\u00e9marches aupr\u00e8s d\u2019entreprises publiques dans l\u2019espoir de placer l\u2019ASMO sous le giron de l\u2019une d\u2019entre elles.<\/p>\n<p>Une d\u00e9claration faite en marge de la signature d\u2019un protocole d\u2019accord entre le MC Oran et l\u2019entreprise Hyproc Shipping Compagny pour permettre \u00e0 cette derni\u00e8re de racheter la majorit\u00e9 des actions de la SSPA du premier club oranais. Cependant, aucune suite n\u2019a \u00e9t\u00e9 encore donn\u00e9e aux d\u00e9marches de Mouloud Cherifi, au grand dam de la famille de l\u2019ASMO qui croise d\u00e9sormais les doigts.<\/p>\n<\/div>\n<p><img loading=\"lazy\" decoding=\"async\" src=\"http:\/\/feeds.feedburner.com\/~r\/aps-sport\/~4\/pxfn6aM2OOE\" height=\"1\" width=\"1\" alt=\"\"><\/div>\n<p>Auteur:<br \/>\n<a href=\"http:\/\/www.aps.dz\/sport\/90300-asmo-la-sspa-en-etat-de-faillite-les-repreneurs-ne-se-bousculent-pas-au-portillon?utm_source=feedburner&#038;utm_medium=feed&#038;utm_campaign=Feed%3A+aps-sport+%28APS+-+SPORT%29\">Cliquez ici pour lire l&rsquo;article depuis sa source.<\/a><\/p>\n","protected":false},"excerpt":{"rendered":"<p>ORAN &#8211; La situation confuse que conna\u00eet l\u2019ASM Oran a conduit \u00e0 la programmation d\u2019une assembl\u00e9e g\u00e9n\u00e9rale des actionnaires pour le 16 juin pendant laquelle beaucoup de d\u00e9parts sont pr\u00e9vus au moment o\u00f9 les repreneurs ne se bousculent pas au portillon, a-t-on appris de ce club de Ligue 2 de football. L\u2019ASMO, qui vient de [&hellip;]<\/p>\n","protected":false},"author":1790,"featured_media":39062,"comment_status":"closed","ping_status":"closed","sticky":false,"template":"","format":"standard","meta":{"fifu_image_url":"","fifu_image_alt":"","footnotes":""},"categories":[53,75],"tags":[],"class_list":["post-39061","post","type-post","status-publish","format-standard","has-post-thumbnail","hentry","category-algerie","category-sport"],"_links":{"self":[{"href":"https:\/\/linitiative.ca\/International\/wp-json\/wp\/v2\/posts\/39061","targetHints":{"allow":["GET"]}}],"collection":[{"href":"https:\/\/linitiative.ca\/International\/wp-json\/wp\/v2\/posts"}],"about":[{"href":"https:\/\/linitiative.ca\/International\/wp-json\/wp\/v2\/types\/post"}],"author":[{"embeddable":true,"href":"https:\/\/linitiative.ca\/International\/wp-json\/wp\/v2\/users\/1790"}],"replies":[{"embeddable":true,"href":"https:\/\/linitiative.ca\/International\/wp-json\/wp\/v2\/comments?post=39061"}],"version-history":[{"count":0,"href":"https:\/\/linitiative.ca\/International\/wp-json\/wp\/v2\/posts\/39061\/revisions"}],"wp:featuredmedia":[{"embeddable":true,"href":"https:\/\/linitiative.ca\/International\/wp-json\/"}],"wp:attachment":[{"href":"https:\/\/linitiative.ca\/International\/wp-json\/wp\/v2\/media?parent=39061"}],"wp:term":[{"taxonomy":"category","embeddable":true,"href":"https:\/\/linitiative.ca\/International\/wp-json\/wp\/v2\/categories?post=39061"},{"taxonomy":"post_tag","embeddable":true,"href":"https:\/\/linitiative.ca\/International\/wp-json\/wp\/v2\/tags?post=39061"}],"curies":[{"name":"wp","href":"https:\/\/api.w.org\/{rel}","templated":true}]}}