{"id":39063,"date":"2019-06-06T11:51:56","date_gmt":"2019-06-06T15:51:56","guid":{"rendered":"https:\/\/linitiative.ca\/International\/90302-finale-de-coupe-d-algerie-ouverture-des-portes-du-stade-tchaker-a-9h00\/"},"modified":"2019-06-06T11:51:56","modified_gmt":"2019-06-06T15:51:56","slug":"90302-finale-de-coupe-d-algerie-ouverture-des-portes-du-stade-tchaker-a-9h00","status":"publish","type":"post","link":"https:\/\/linitiative.ca\/International\/90302-finale-de-coupe-d-algerie-ouverture-des-portes-du-stade-tchaker-a-9h00\/","title":{"rendered":"Finale de Coupe d&rsquo;Alg\u00e9rie : ouverture des portes du stade Tchaker \u00e0 9h00"},"content":{"rendered":"<div>\n<div class=\"K2FeedImage\"><img decoding=\"async\" src=\"http:\/\/www.aps.dz\/media\/k2\/items\/cache\/c6f3988b478e1ca3e373e2b6d0b095ca_S.jpg\" alt=\"Le stade Mustapha Tchaker\"><\/div>\n<div class=\"K2FeedIntroText\">\n<p><strong>BLIDA &#8211; Les portes du stade Mustapha-Tchaker de Blida devant accueillir samedi la finale de la Coupe l&rsquo;Alg\u00e9rie de football entre le CR Belouizdad et la JSM B\u00e9ja\u00efa seront ouvertes aux supporters \u00e0 partir de 9h00, a-t-on appris jeudi du directeur de la Jeunesse et des Sports (DJS) de la wilaya.<\/strong><\/p>\n<\/div>\n<div class=\"K2FeedFullText\">\n<p>Selon Djaffar Na\u00e2r, les portes du stade seront ouvertes \u00e0 partir de 9h00 aux supporters attendus en force samedi \u00e0 Blida pour assister au match CRB-JSMB dont le coup d&rsquo;envoi sera donn\u00e9 \u00e0 17h00.<\/p>\n<p>La direction du complexe Tchaker a mis en vente 22.000 billets (r\u00e9partis \u00e9quitablement entre les supporters des deux \u00e9quipes), a-t-il rappel\u00e9. Leur vente s&rsquo;est effectu\u00e9 au niveau des stades du 20-Ao\u00fbt d\u2019Alger et de l\u2019Unit\u00e9 maghr\u00e9bine de B\u00e9ja\u00efa.<\/p>\n<p>Pour assurer un bon accueil aux supporters qui rallieront le stade Tchaker plusieurs heures avant le d\u00e9but de cette 55e \u00e9dition de la finale de la Coupe d\u2019Alg\u00e9rie, Djaffar Na\u00e2r a fait part de la d\u00e9cision prise, pour la premi\u00e8re fois au niveau du stade de \u00ab\u00a0l\u2019ouverture de points de vente de sandwichs et de boissons en cette p\u00e9riode qui commence \u00e0 enregistrer une hausse des temp\u00e9ratures\u00a0\u00bb.<\/p>\n<p>Le responsable n\u2019a pas manqu\u00e9 de souligner le \u00ab\u00a0bon \u00e9tat\u00a0\u00bb de la pelouse du stade, \u00ab\u00a0soumise r\u00e9guli\u00e8rement \u00e0 des op\u00e9rations d\u2019entretien\u00a0\u00bb, a-t-il assur\u00e9, outre \u00ab\u00a0le r\u00e9am\u00e9nagement des vestiaires et autres diff\u00e9rentes commodit\u00e9s du stade qui a \u00e9t\u00e9 dot\u00e9 d\u2019un \u00e9clairage de qualit\u00e9 sup\u00e9rieur, en conformit\u00e9 avec les normes mondiales en vigueur\u00a0\u00bb.<\/p>\n<\/div>\n<p><img loading=\"lazy\" decoding=\"async\" src=\"http:\/\/feeds.feedburner.com\/~r\/aps-sport\/~4\/XXXdof5sz8E\" height=\"1\" width=\"1\" alt=\"\"><\/div>\n<p>Auteur:<br \/>\n<a href=\"http:\/\/www.aps.dz\/sport\/90302-finale-de-coupe-d-algerie-ouverture-des-portes-du-stade-tchaker-a-9h00?utm_source=feedburner&#038;utm_medium=feed&#038;utm_campaign=Feed%3A+aps-sport+%28APS+-+SPORT%29\">Cliquez ici pour lire l&rsquo;article depuis sa source.<\/a><\/p>\n","protected":false},"excerpt":{"rendered":"<p>BLIDA &#8211; Les portes du stade Mustapha-Tchaker de Blida devant accueillir samedi la finale de la Coupe l&rsquo;Alg\u00e9rie de football entre le CR Belouizdad et la JSM B\u00e9ja\u00efa seront ouvertes aux supporters \u00e0 partir de 9h00, a-t-on appris jeudi du directeur de la Jeunesse et des Sports (DJS) de la wilaya. Selon Djaffar Na\u00e2r, les [&hellip;]<\/p>\n","protected":false},"author":1790,"featured_media":39064,"comment_status":"closed","ping_status":"closed","sticky":false,"template":"","format":"standard","meta":{"fifu_image_url":"","fifu_image_alt":"","footnotes":""},"categories":[53,75],"tags":[],"class_list":["post-39063","post","type-post","status-publish","format-standard","has-post-thumbnail","hentry","category-algerie","category-sport"],"_links":{"self":[{"href":"https:\/\/linitiative.ca\/International\/wp-json\/wp\/v2\/posts\/39063","targetHints":{"allow":["GET"]}}],"collection":[{"href":"https:\/\/linitiative.ca\/International\/wp-json\/wp\/v2\/posts"}],"about":[{"href":"https:\/\/linitiative.ca\/International\/wp-json\/wp\/v2\/types\/post"}],"author":[{"embeddable":true,"href":"https:\/\/linitiative.ca\/International\/wp-json\/wp\/v2\/users\/1790"}],"replies":[{"embeddable":true,"href":"https:\/\/linitiative.ca\/International\/wp-json\/wp\/v2\/comments?post=39063"}],"version-history":[{"count":0,"href":"https:\/\/linitiative.ca\/International\/wp-json\/wp\/v2\/posts\/39063\/revisions"}],"wp:featuredmedia":[{"embeddable":true,"href":"https:\/\/linitiative.ca\/International\/wp-json\/"}],"wp:attachment":[{"href":"https:\/\/linitiative.ca\/International\/wp-json\/wp\/v2\/media?parent=39063"}],"wp:term":[{"taxonomy":"category","embeddable":true,"href":"https:\/\/linitiative.ca\/International\/wp-json\/wp\/v2\/categories?post=39063"},{"taxonomy":"post_tag","embeddable":true,"href":"https:\/\/linitiative.ca\/International\/wp-json\/wp\/v2\/tags?post=39063"}],"curies":[{"name":"wp","href":"https:\/\/api.w.org\/{rel}","templated":true}]}}