{"id":39065,"date":"2019-06-06T12:08:26","date_gmt":"2019-06-06T16:08:26","guid":{"rendered":"https:\/\/linitiative.ca\/International\/90304-le-president-de-la-caf-interroge-par-les-autorites-francaises\/"},"modified":"2019-06-06T12:08:26","modified_gmt":"2019-06-06T16:08:26","slug":"90304-le-president-de-la-caf-interroge-par-les-autorites-francaises","status":"publish","type":"post","link":"https:\/\/linitiative.ca\/International\/90304-le-president-de-la-caf-interroge-par-les-autorites-francaises\/","title":{"rendered":"Le pr\u00e9sident de la CAF interrog\u00e9 par les autorit\u00e9s fran\u00e7aises"},"content":{"rendered":"<div>\n<div class=\"K2FeedImage\"><img decoding=\"async\" src=\"http:\/\/www.aps.dz\/media\/k2\/items\/cache\/192ed4e1aae80fc5e26f922e6e50a903_S.jpg\" alt=\"Le pr\u00e9sident de la CAF interrog\u00e9 par les autorit\u00e9s fran\u00e7aises\"><\/div>\n<div class=\"K2FeedIntroText\">\n<p><strong>PARIS &#8211; La F\u00e9d\u00e9ration internationale de football (Fifa) a confirm\u00e9 jeudi que le pr\u00e9sident de la Conf\u00e9d\u00e9ration africaine de football (CAF) Ahmad Ahmad a \u00e9t\u00e9 \u00ab\u00a0interrog\u00e9 par les autorit\u00e9s fran\u00e7aises\u00a0\u00bb sur des \u00ab\u00a0all\u00e9gations\u00a0\u00bb li\u00e9es \u00e0 sa gestion de la CAF.<\/strong><\/p>\n<\/div>\n<div class=\"K2FeedFullText\">\n<p>La Fifa \u00ab\u00a0prend note des \u00e9v\u00e8nements pr\u00e9sum\u00e9s concernant M. Ahmad Ahmad, qui est interrog\u00e9 par les autorit\u00e9s fran\u00e7aises\u00a0\u00bb pour des \u00ab\u00a0all\u00e9gations li\u00e9es \u00e0 son mandat de pr\u00e9sident de la CAF\u00a0\u00bb.<\/p>\n<p>La f\u00e9d\u00e9ration internationale qui ne d\u00e9tient pas \u00ab\u00a0les d\u00e9tails\u00a0\u00bb de cette enqu\u00eate, n&rsquo;est pas en mesure de \u00ab\u00a0commenter\u00a0\u00bb et demande \u00ab\u00a0aux autorit\u00e9s fran\u00e7aises toute information\u00a0\u00bb qui pourrait int\u00e9resser son \u00ab\u00a0comit\u00e9 d&rsquo;\u00e9thique\u00a0\u00bb, soit la justice interne du football mondial.<\/p>\n<p>Ahmad Ahmad est pr\u00e9sent \u00e0 Paris dans le cadre du Congr\u00e8s \u00e9lectif de la Fifa qui s&rsquo;est tenu dans la capitale fran\u00e7aise mercredi, juste avant le coup d&rsquo;envoi du Mondial f\u00e9minin vendredi au Parc des Princes.<\/p>\n<p>Selon Jeune Afrique, \u00ab\u00a0Ahmad Ahmad a \u00e9t\u00e9 interpell\u00e9 ce jeudi vers 08h30, pour \u00eatre entendu\u00a0\u00bb au sujet d&rsquo;un \u00ab\u00a0contrat rompu unilat\u00e9ralement par la CAF avec l&rsquo;\u00e9quipementier allemand Puma\u00a0\u00bb.<\/p>\n<\/div>\n<p><img loading=\"lazy\" decoding=\"async\" src=\"http:\/\/feeds.feedburner.com\/~r\/aps-sport\/~4\/TeTzXpXdCw4\" height=\"1\" width=\"1\" alt=\"\"><\/div>\n<p>Auteur:<br \/>\n<a href=\"http:\/\/www.aps.dz\/sport\/90304-le-president-de-la-caf-interroge-par-les-autorites-francaises?utm_source=feedburner&#038;utm_medium=feed&#038;utm_campaign=Feed%3A+aps-sport+%28APS+-+SPORT%29\">Cliquez ici pour lire l&rsquo;article depuis sa source.<\/a><\/p>\n","protected":false},"excerpt":{"rendered":"<p>PARIS &#8211; La F\u00e9d\u00e9ration internationale de football (Fifa) a confirm\u00e9 jeudi que le pr\u00e9sident de la Conf\u00e9d\u00e9ration africaine de football (CAF) Ahmad Ahmad a \u00e9t\u00e9 \u00ab\u00a0interrog\u00e9 par les autorit\u00e9s fran\u00e7aises\u00a0\u00bb sur des \u00ab\u00a0all\u00e9gations\u00a0\u00bb li\u00e9es \u00e0 sa gestion de la CAF. La Fifa \u00ab\u00a0prend note des \u00e9v\u00e8nements pr\u00e9sum\u00e9s concernant M. Ahmad Ahmad, qui est interrog\u00e9 par [&hellip;]<\/p>\n","protected":false},"author":1790,"featured_media":39066,"comment_status":"closed","ping_status":"closed","sticky":false,"template":"","format":"standard","meta":{"fifu_image_url":"","fifu_image_alt":"","footnotes":""},"categories":[53,75],"tags":[],"class_list":["post-39065","post","type-post","status-publish","format-standard","has-post-thumbnail","hentry","category-algerie","category-sport"],"_links":{"self":[{"href":"https:\/\/linitiative.ca\/International\/wp-json\/wp\/v2\/posts\/39065","targetHints":{"allow":["GET"]}}],"collection":[{"href":"https:\/\/linitiative.ca\/International\/wp-json\/wp\/v2\/posts"}],"about":[{"href":"https:\/\/linitiative.ca\/International\/wp-json\/wp\/v2\/types\/post"}],"author":[{"embeddable":true,"href":"https:\/\/linitiative.ca\/International\/wp-json\/wp\/v2\/users\/1790"}],"replies":[{"embeddable":true,"href":"https:\/\/linitiative.ca\/International\/wp-json\/wp\/v2\/comments?post=39065"}],"version-history":[{"count":0,"href":"https:\/\/linitiative.ca\/International\/wp-json\/wp\/v2\/posts\/39065\/revisions"}],"wp:featuredmedia":[{"embeddable":true,"href":"https:\/\/linitiative.ca\/International\/wp-json\/"}],"wp:attachment":[{"href":"https:\/\/linitiative.ca\/International\/wp-json\/wp\/v2\/media?parent=39065"}],"wp:term":[{"taxonomy":"category","embeddable":true,"href":"https:\/\/linitiative.ca\/International\/wp-json\/wp\/v2\/categories?post=39065"},{"taxonomy":"post_tag","embeddable":true,"href":"https:\/\/linitiative.ca\/International\/wp-json\/wp\/v2\/tags?post=39065"}],"curies":[{"name":"wp","href":"https:\/\/api.w.org\/{rel}","templated":true}]}}