{"id":39067,"date":"2019-06-06T12:59:16","date_gmt":"2019-06-06T16:59:16","guid":{"rendered":"https:\/\/linitiative.ca\/International\/90306-ligue-des-champions-africaine-finale-a-rejouer-vives-critiques-en-tunisie\/"},"modified":"2019-06-06T12:59:16","modified_gmt":"2019-06-06T16:59:16","slug":"90306-ligue-des-champions-africaine-finale-a-rejouer-vives-critiques-en-tunisie","status":"publish","type":"post","link":"https:\/\/linitiative.ca\/International\/90306-ligue-des-champions-africaine-finale-a-rejouer-vives-critiques-en-tunisie\/","title":{"rendered":"Ligue des champions africaine : finale \u00e0 rejouer, vives critiques en Tunisie"},"content":{"rendered":"<div>\n<div class=\"K2FeedImage\"><img decoding=\"async\" src=\"http:\/\/www.aps.dz\/media\/k2\/items\/cache\/952e643564fd37b82a57be652633274c_S.jpg\" alt=\"Les jouerus du WA Casablance qui contestent le choix de l'arbitre Gassama lors de la finale remport\u00e9e par L'ES Tunis apr\u00e8s 60 minutes de jeu, suite au refus de jouer par les marocains, faute d'absence de VAR \/ 01-06-2019\"><\/div>\n<div class=\"K2FeedIntroText\">\n<p><strong>TUNIS &#8211; La d\u00e9cision de la Conf\u00e9d\u00e9ration africaine de football (CAF) de faire rejouer la finale retour de la Ligue des champions entre l&rsquo;Esp\u00e9rance de Tunis et le Wydad Casablanca a \u00e9t\u00e9 critiqu\u00e9e par de nombreux Tunisiens, la qualifiant, entre autres, d'\u00a0\u00bbirresponsable\u00a0\u00bb et de \u00ab\u00a0honteuse\u00a0\u00bb.<\/strong><\/p>\n<\/div>\n<div class=\"K2FeedFullText\">\n<p>Le club tunisien, poids lourd du continent, avait \u00e9t\u00e9 sacr\u00e9 dans la confusion vendredi, apr\u00e8s que son adversaire marocain a d\u00e9cid\u00e9 de quitter la\u00a0 pelouse pendant le match en raison d&rsquo;un litige et d&rsquo;une panne de l&rsquo;assistance vid\u00e9o \u00e0 l&rsquo;arbitrage (VAR).<\/p>\n<p>La CAF a d\u00e9cid\u00e9 que le match serait rejou\u00e9 hors de Tunisie apr\u00e8s la Coupe d&rsquo;Afrique des nations (21 juin-19 juillet), ce qui est \u00ab\u00a0irresponsable\u00a0\u00bb et cr\u00e9e un pr\u00e9c\u00e9dent \u00ab\u00a0dangereux\u00a0\u00bb, estime le site d&rsquo;actualit\u00e9 Tunisie Foot.<\/p>\n<p>\u00ab\u00a0C&rsquo;est un d\u00e9sastre, une d\u00e9cision honteuse\u00a0\u00bb, rench\u00e9rit Abdelhamid Riahi, install\u00e9 dans un caf\u00e9 du quartier populaire de Bab Souika, fief du club sang et or bond\u00e9 en cette soir\u00e9e d&rsquo;A\u00efd, jour f\u00e9ri\u00e9 marquant la fin de Ramadhan.<\/p>\n<p>Pour Samir Amri, un autre fan \u00ab\u00a0c&rsquo;est une arnaque les yeux dans les yeux, cela a commenc\u00e9 avec la VAR et c&rsquo;est devenu politis\u00e9 plus qu&rsquo;il ne faut\u00a0\u00bb.<\/p>\n<p>La CAF a justifi\u00e9 sa d\u00e9cision de mercredi en estimant que \u00ab\u00a0les conditions de jeu et de s\u00e9curit\u00e9 n&rsquo;\u00e9taient pas r\u00e9unies (&#8230;) emp\u00eachant le match d&rsquo;arriver \u00e0 son terme\u00a0\u00bb.<\/p>\n<p>De nombreuses photos et vid\u00e9os circulaient sur les r\u00e9seaux sociaux montrant le dirigeant de la Conf\u00e9d\u00e9ration, le malgache Ahmad Ahmad, pr\u00e9sentant ses hommages au roi du Maroc ou en compagnie de dirigeants du foot marocain.<\/p>\n<p>\u00ab\u00a0La corruption a d\u00e9sormais un nom \u00e0 la CAF: Ahmad Ahmad, accuse le site d&rsquo;information en ligne Kapitalis, le qualifiant \u00ab\u00a0d&rsquo;ami de longue date du Maroc (o\u00f9 il poss\u00e8de une r\u00e9sidence), sous l&rsquo;influence de son vice-pr\u00e9sident, le Marocain Fouzi Lekjaa\u00a0\u00bb.<\/p>\n<p>D\u00e8s mercredi soir, le Premier ministre tunisien avait vigoureusement r\u00e9agi sur son compte Twitter: \u00ab\u00a0Suite \u00e0 la farce de la CAF, je salue le travail des forces de s\u00e9curit\u00e9. Nous ne braderons pas les droits de l&rsquo;Esp\u00e9rance sportive de Tunis\u00a0\u00bb, avait-il lanc\u00e9.<\/p>\n<p>Dans un contexte pr\u00e9\u00e9lectoral f\u00e9brile avant la pr\u00e9sidentielle de novembre, plusieurs hommes politiques ont \u00e9galement r\u00e9agi, appelant \u00e0 la mobilisation pour d\u00e9fendre \u00ab\u00a0l&rsquo;image de la Tunisie\u00a0\u00bb.<\/p>\n<\/div>\n<p><img loading=\"lazy\" decoding=\"async\" src=\"http:\/\/feeds.feedburner.com\/~r\/aps-sport\/~4\/DnwCn7o4cj4\" height=\"1\" width=\"1\" alt=\"\"><\/div>\n<p>Auteur:<br \/>\n<a href=\"http:\/\/www.aps.dz\/sport\/90306-ligue-des-champions-africaine-finale-a-rejouer-vives-critiques-en-tunisie?utm_source=feedburner&#038;utm_medium=feed&#038;utm_campaign=Feed%3A+aps-sport+%28APS+-+SPORT%29\">Cliquez ici pour lire l&rsquo;article depuis sa source.<\/a><\/p>\n","protected":false},"excerpt":{"rendered":"<p>TUNIS &#8211; La d\u00e9cision de la Conf\u00e9d\u00e9ration africaine de football (CAF) de faire rejouer la finale retour de la Ligue des champions entre l&rsquo;Esp\u00e9rance de Tunis et le Wydad Casablanca a \u00e9t\u00e9 critiqu\u00e9e par de nombreux Tunisiens, la qualifiant, entre autres, d&rsquo;\u00a0\u00bbirresponsable\u00a0\u00bb et de \u00ab\u00a0honteuse\u00a0\u00bb. Le club tunisien, poids lourd du continent, avait \u00e9t\u00e9 sacr\u00e9 [&hellip;]<\/p>\n","protected":false},"author":1790,"featured_media":39068,"comment_status":"closed","ping_status":"closed","sticky":false,"template":"","format":"standard","meta":{"fifu_image_url":"","fifu_image_alt":"","footnotes":""},"categories":[53,75],"tags":[],"class_list":["post-39067","post","type-post","status-publish","format-standard","has-post-thumbnail","hentry","category-algerie","category-sport"],"_links":{"self":[{"href":"https:\/\/linitiative.ca\/International\/wp-json\/wp\/v2\/posts\/39067","targetHints":{"allow":["GET"]}}],"collection":[{"href":"https:\/\/linitiative.ca\/International\/wp-json\/wp\/v2\/posts"}],"about":[{"href":"https:\/\/linitiative.ca\/International\/wp-json\/wp\/v2\/types\/post"}],"author":[{"embeddable":true,"href":"https:\/\/linitiative.ca\/International\/wp-json\/wp\/v2\/users\/1790"}],"replies":[{"embeddable":true,"href":"https:\/\/linitiative.ca\/International\/wp-json\/wp\/v2\/comments?post=39067"}],"version-history":[{"count":0,"href":"https:\/\/linitiative.ca\/International\/wp-json\/wp\/v2\/posts\/39067\/revisions"}],"wp:featuredmedia":[{"embeddable":true,"href":"https:\/\/linitiative.ca\/International\/wp-json\/"}],"wp:attachment":[{"href":"https:\/\/linitiative.ca\/International\/wp-json\/wp\/v2\/media?parent=39067"}],"wp:term":[{"taxonomy":"category","embeddable":true,"href":"https:\/\/linitiative.ca\/International\/wp-json\/wp\/v2\/categories?post=39067"},{"taxonomy":"post_tag","embeddable":true,"href":"https:\/\/linitiative.ca\/International\/wp-json\/wp\/v2\/tags?post=39067"}],"curies":[{"name":"wp","href":"https:\/\/api.w.org\/{rel}","templated":true}]}}